{"id":5837,"date":"2018-05-11T07:05:44","date_gmt":"2018-05-11T10:05:44","guid":{"rendered":"http:\/\/dsrmedios.com.ar\/diario\/?p=5837"},"modified":"2018-05-10T16:59:47","modified_gmt":"2018-05-10T19:59:47","slug":"vidal-presento-nuevo-sistema-de-administracion-previsional-en-la-provincia","status":"publish","type":"post","link":"http:\/\/dsrmedios.com.ar\/diario\/archivos\/5837","title":{"rendered":"Vidal present\u00f3 nuevo sistema de administraci\u00f3n Previsional en la Provincia"},"content":{"rendered":"<p>La gobernadora de la provincia de Buenos Aires, Mar\u00eda Eugenia Vidal, anunci\u00f3 hoy el nuevo Sistema de Administraci\u00f3n Previsional, que permitir\u00e1 a los trabajadores estatales bonaerenses tramitar su jubilaci\u00f3n de forma digital en un plazo m\u00e1ximo de noventa d\u00edas, &#8220;transparente, sin errores&#8221; y sin la intromisi\u00f3n de gestores.<\/p>\n<p>Durante un acto realizado en un centro de jubilados del partido de Lan\u00fas, Vidal sostuvo que &#8220;cuando llegamos, a la gente le llevaba m\u00e1s de un a\u00f1o en promedio conseguir la jubilaci\u00f3n. A algunos, dos o tres a\u00f1os. Con esfuerzo del equipo del Instituto de Previsi\u00f3n Social bonaerense (IPS), lo bajamos primero a 270 d\u00edas. Igual era mucho, as\u00ed que usamos la tecnolog\u00eda y ahora todos los trabajadores de la Provincia van a poder tener su jubilaci\u00f3n en noventa d\u00edas, hecha de manera digital desde el lugar de trabajo&#8221;.<\/p>\n<p>Acompa\u00f1ada por el intendente local, N\u00e9stor Grindetti y por el presidente del IPS, Christian Gribaudo; la gobernadora resalt\u00f3 que este sistema no s\u00f3lo acortar\u00e1 &#8220;el tiempo y la mala sangre que la gente se hac\u00eda en este proceso: tambi\u00e9n permitir\u00e1 m\u00e1s transparencia, porque alrededor de la burocracia aparec\u00edan los gestores que cobraban para acelerar los tr\u00e1mites, plata que no era justo que se pagara&#8221;.<\/p>\n<p>El beneficio abarcar\u00e1 a los empleados de organismos gubernamentales y municipales, como as\u00ed tambi\u00e9n a los trabajadores del poder legislativo y judicial.<\/p>\n<p>fuente:www.aninoticias.com<\/p>\n","protected":false},"excerpt":{"rendered":"<div class=\"mh-excerpt\"><p>La gobernadora de la provincia de Buenos Aires, Mar\u00eda Eugenia Vidal, anunci\u00f3 hoy el nuevo Sistema de Administraci\u00f3n Previsional, que permitir\u00e1 a los trabajadores estatales bonaerenses tramitar su jubilaci\u00f3n de forma digital en un plazo m\u00e1ximo de noventa d\u00edas, &#8220;transparente, sin errores&#8221; y sin la intromisi\u00f3n de gestores. Durante un acto realizado en un centro de jubilados del partido de Lan\u00fas, Vidal sostuvo que &#8220;cuando llegamos, a la gente le llevaba m\u00e1s de un a\u00f1o en promedio conseguir la jubilaci\u00f3n. A algunos, dos o tres a\u00f1os. Con esfuerzo del equipo del Instituto de Previsi\u00f3n Social bonaerense (IPS), lo bajamos primero <a class=\"mh-excerpt-more\" href=\"http:\/\/dsrmedios.com.ar\/diario\/archivos\/5837\" title=\"Vidal present\u00f3 nuevo sistema de administraci\u00f3n Previsional en la Provincia\">[Leer m\u00e1s]<\/a><\/p>\n<\/div>","protected":false},"author":5,"featured_media":5838,"comment_status":"open","ping_status":"closed","sticky":false,"template":"","format":"standard","meta":{"_jetpack_newsletter_access":""},"categories":[18,7],"tags":[],"jetpack_featured_media_url":"http:\/\/dsrmedios.com.ar\/diario\/wp-content\/uploads\/2018\/05\/vidal_jubiladas.jpg","jetpack_sharing_enabled":true,"jetpack_shortlink":"https:\/\/wp.me\/p9fihK-1w9","_links":{"self":[{"href":"http:\/\/dsrmedios.com.ar\/diario\/wp-json\/wp\/v2\/posts\/5837"}],"collection":[{"href":"http:\/\/dsrmedios.com.ar\/diario\/wp-json\/wp\/v2\/posts"}],"about":[{"href":"http:\/\/dsrmedios.com.ar\/diario\/wp-json\/wp\/v2\/types\/post"}],"author":[{"embeddable":true,"href":"http:\/\/dsrmedios.com.ar\/diario\/wp-json\/wp\/v2\/users\/5"}],"replies":[{"embeddable":true,"href":"http:\/\/dsrmedios.com.ar\/diario\/wp-json\/wp\/v2\/comments?post=5837"}],"version-history":[{"count":1,"href":"http:\/\/dsrmedios.com.ar\/diario\/wp-json\/wp\/v2\/posts\/5837\/revisions"}],"predecessor-version":[{"id":5839,"href":"http:\/\/dsrmedios.com.ar\/diario\/wp-json\/wp\/v2\/posts\/5837\/revisions\/5839"}],"wp:featuredmedia":[{"embeddable":true,"href":"http:\/\/dsrmedios.com.ar\/diario\/wp-json\/wp\/v2\/media\/5838"}],"wp:attachment":[{"href":"http:\/\/dsrmedios.com.ar\/diario\/wp-json\/wp\/v2\/media?parent=5837"}],"wp:term":[{"taxonomy":"category","embeddable":true,"href":"http:\/\/dsrmedios.com.ar\/diario\/wp-json\/wp\/v2\/categories?post=5837"},{"taxonomy":"post_tag","embeddable":true,"href":"http:\/\/dsrmedios.com.ar\/diario\/wp-json\/wp\/v2\/tags?post=5837"}],"curies":[{"name":"wp","href":"https:\/\/api.w.org\/{rel}","templated":true}]}}