{"id":5834,"date":"2018-05-10T16:54:19","date_gmt":"2018-05-10T19:54:19","guid":{"rendered":"http:\/\/dsrmedios.com.ar\/diario\/?p=5834"},"modified":"2018-05-10T16:54:31","modified_gmt":"2018-05-10T19:54:31","slug":"el-hospital-penna-se-podria-quedar-sin-personal-medico-si-continuan-con-los-actuales-salarios","status":"publish","type":"post","link":"http:\/\/dsrmedios.com.ar\/diario\/archivos\/5834","title":{"rendered":"El Hospital Penna se podr\u00eda quedar sin personal m\u00e9dico si contin\u00faan con los actuales salarios"},"content":{"rendered":"<p>Los profesionales del Hospital Penna realizan hoy una medida de fuerza, atendiendo solo urgencias y a los pacientes con tratamientos oncol\u00f3gicos. Adem\u00e1s no se otorgan turnos, los que estaban previstos para hoy ser\u00e1n\u00a0reprogramados\u00a0y los consultorios externos est\u00e1n cerrados.<\/p>\n<p>Pablo Acrogliano es el titular de la Asociaci\u00f3n que nuclea a los m\u00e9dicos que trabajan en dicho nosocomio y, rodeado de globos negros y carteles que rezan &#8220;cuiden a los que cuidan&#8221;, expres\u00f3 su preocupaci\u00f3n en\u00a0<strong>LA BR\u00daJULA 24 FM 93.1\u00a0<\/strong>respecto al recurso humano.<\/p>\n<div class=\"teads-inread\">\n<div class=\"teads-ui-components-adchoices\">\u00a0&#8220;Si esto sigue as\u00ed, tendremos un hermoso hospital nuevo, con una guardia b\u00e1rbara pero sin m\u00e9dicos para atender&#8221;, consider\u00f3 esta ma\u00f1ana Acrogliano, en el programa\u00a0<strong>&#8220;Tal Cual Es&#8221;<\/strong>.<\/div>\n<\/div>\n<p>Y puso un ejemplo claro: &#8220;Lo salarial es una variable importante porque a 20 cuadras de ac\u00e1 tenemos el Municipal, que por un reemplazo de guardia cobra un 50% m\u00e1s que lo que se paga ac\u00e1. Ojal\u00e1 que los m\u00e9dicos, \u00a0los tres profesionales que llegaron se queden, porque esta diferencia hace que el Penna no sea una plaza atractiva&#8221;.<\/p>\n<p>&#8220;Buscamos dar un llamado de atenci\u00f3n a las autoridades que generalmente no nos escuchan. Hemos sido recibidos por los dos ministros de esta gesti\u00f3n, por el intendente, los concejales, senadores y diputados de la Provincia y la Comisi\u00f3n de Salud del municipio&#8221;, cerr\u00f3, aclarando que &#8220;no se tiene real\u00a0dimensi\u00f3n de lo que significa la salud para todos&#8221;.<\/p>\n<p>fuente:www.labrujula24.com<\/p>\n","protected":false},"excerpt":{"rendered":"<div class=\"mh-excerpt\"><p>Los profesionales del Hospital Penna realizan hoy una medida de fuerza, atendiendo solo urgencias y a los pacientes con tratamientos oncol\u00f3gicos. Adem\u00e1s no se otorgan turnos, los que estaban previstos para hoy ser\u00e1n\u00a0reprogramados\u00a0y los consultorios externos est\u00e1n cerrados. Pablo Acrogliano es el titular de la Asociaci\u00f3n que nuclea a los m\u00e9dicos que trabajan en dicho nosocomio y, rodeado de globos negros y carteles que rezan &#8220;cuiden a los que cuidan&#8221;, expres\u00f3 su preocupaci\u00f3n en\u00a0LA BR\u00daJULA 24 FM 93.1\u00a0respecto al recurso humano. \u00a0&#8220;Si esto sigue as\u00ed, tendremos un hermoso hospital nuevo, con una guardia b\u00e1rbara pero sin m\u00e9dicos para atender&#8221;, consider\u00f3 <a class=\"mh-excerpt-more\" href=\"http:\/\/dsrmedios.com.ar\/diario\/archivos\/5834\" title=\"El Hospital Penna se podr\u00eda quedar sin personal m\u00e9dico si contin\u00faan con los actuales salarios\">[Leer m\u00e1s]<\/a><\/p>\n<\/div>","protected":false},"author":5,"featured_media":5835,"comment_status":"open","ping_status":"closed","sticky":false,"template":"","format":"standard","meta":{"_jetpack_newsletter_access":""},"categories":[18,31,8],"tags":[],"jetpack_featured_media_url":"http:\/\/dsrmedios.com.ar\/diario\/wp-content\/uploads\/2018\/05\/paropenna.jpg","jetpack_sharing_enabled":true,"jetpack_shortlink":"https:\/\/wp.me\/p9fihK-1w6","_links":{"self":[{"href":"http:\/\/dsrmedios.com.ar\/diario\/wp-json\/wp\/v2\/posts\/5834"}],"collection":[{"href":"http:\/\/dsrmedios.com.ar\/diario\/wp-json\/wp\/v2\/posts"}],"about":[{"href":"http:\/\/dsrmedios.com.ar\/diario\/wp-json\/wp\/v2\/types\/post"}],"author":[{"embeddable":true,"href":"http:\/\/dsrmedios.com.ar\/diario\/wp-json\/wp\/v2\/users\/5"}],"replies":[{"embeddable":true,"href":"http:\/\/dsrmedios.com.ar\/diario\/wp-json\/wp\/v2\/comments?post=5834"}],"version-history":[{"count":1,"href":"http:\/\/dsrmedios.com.ar\/diario\/wp-json\/wp\/v2\/posts\/5834\/revisions"}],"predecessor-version":[{"id":5836,"href":"http:\/\/dsrmedios.com.ar\/diario\/wp-json\/wp\/v2\/posts\/5834\/revisions\/5836"}],"wp:featuredmedia":[{"embeddable":true,"href":"http:\/\/dsrmedios.com.ar\/diario\/wp-json\/wp\/v2\/media\/5835"}],"wp:attachment":[{"href":"http:\/\/dsrmedios.com.ar\/diario\/wp-json\/wp\/v2\/media?parent=5834"}],"wp:term":[{"taxonomy":"category","embeddable":true,"href":"http:\/\/dsrmedios.com.ar\/diario\/wp-json\/wp\/v2\/categories?post=5834"},{"taxonomy":"post_tag","embeddable":true,"href":"http:\/\/dsrmedios.com.ar\/diario\/wp-json\/wp\/v2\/tags?post=5834"}],"curies":[{"name":"wp","href":"https:\/\/api.w.org\/{rel}","templated":true}]}}