{"id":5818,"date":"2018-05-10T10:26:48","date_gmt":"2018-05-10T13:26:48","guid":{"rendered":"http:\/\/dsrmedios.com.ar\/diario\/?p=5818"},"modified":"2018-05-10T10:26:48","modified_gmt":"2018-05-10T13:26:48","slug":"el-intendente-hirtz-recibio-a-vecinos-autoconvocados-por-el-costo-del-alumbrado-publico","status":"publish","type":"post","link":"http:\/\/dsrmedios.com.ar\/diario\/archivos\/5818","title":{"rendered":"El Intendente Hirtz recibi\u00f3 a vecinos autoconvocados por el costo del alumbrado p\u00fablico"},"content":{"rendered":"<p>El Intendente recibi\u00f3 a un grupo de vecinos autoconvocados que plantearon su inquietud respecto al costo del alumbrado p\u00fablico.<br \/>\nEn la reuni\u00f3n en la que tambi\u00e9n estuvieron presentes miembros del Gabinete ejecutivo, se trat\u00f3 la complejidad de la problem\u00e1tica y se expusieron posibles consecuencias que afectar\u00edan el normal funcionamiento de servicios y espacios p\u00fablicos.<br \/>\nSe acord\u00f3 evaluar medidas a nivel econ\u00f3mico y segmentar mayores consumos, especialmente de aquellos comercios que dependen fuertemente de la energ\u00eda para su funcionamiento.<\/p>\n","protected":false},"excerpt":{"rendered":"<div class=\"mh-excerpt\"><p>El Intendente recibi\u00f3 a un grupo de vecinos autoconvocados que plantearon su inquietud respecto al costo del alumbrado p\u00fablico. En la reuni\u00f3n en la que tambi\u00e9n estuvieron presentes miembros del Gabinete ejecutivo, se trat\u00f3 la complejidad de la problem\u00e1tica y se expusieron posibles consecuencias que afectar\u00edan el normal funcionamiento de servicios y espacios p\u00fablicos. Se acord\u00f3 evaluar medidas a nivel econ\u00f3mico y segmentar mayores consumos, especialmente de aquellos comercios que dependen fuertemente de la energ\u00eda para su funcionamiento.<\/p>\n<\/div>","protected":false},"author":5,"featured_media":5819,"comment_status":"open","ping_status":"closed","sticky":false,"template":"","format":"standard","meta":{"_jetpack_newsletter_access":""},"categories":[18,31],"tags":[],"jetpack_featured_media_url":"http:\/\/dsrmedios.com.ar\/diario\/wp-content\/uploads\/2018\/05\/autoconvocados.jpg","jetpack_sharing_enabled":true,"jetpack_shortlink":"https:\/\/wp.me\/p9fihK-1vQ","_links":{"self":[{"href":"http:\/\/dsrmedios.com.ar\/diario\/wp-json\/wp\/v2\/posts\/5818"}],"collection":[{"href":"http:\/\/dsrmedios.com.ar\/diario\/wp-json\/wp\/v2\/posts"}],"about":[{"href":"http:\/\/dsrmedios.com.ar\/diario\/wp-json\/wp\/v2\/types\/post"}],"author":[{"embeddable":true,"href":"http:\/\/dsrmedios.com.ar\/diario\/wp-json\/wp\/v2\/users\/5"}],"replies":[{"embeddable":true,"href":"http:\/\/dsrmedios.com.ar\/diario\/wp-json\/wp\/v2\/comments?post=5818"}],"version-history":[{"count":1,"href":"http:\/\/dsrmedios.com.ar\/diario\/wp-json\/wp\/v2\/posts\/5818\/revisions"}],"predecessor-version":[{"id":5820,"href":"http:\/\/dsrmedios.com.ar\/diario\/wp-json\/wp\/v2\/posts\/5818\/revisions\/5820"}],"wp:featuredmedia":[{"embeddable":true,"href":"http:\/\/dsrmedios.com.ar\/diario\/wp-json\/wp\/v2\/media\/5819"}],"wp:attachment":[{"href":"http:\/\/dsrmedios.com.ar\/diario\/wp-json\/wp\/v2\/media?parent=5818"}],"wp:term":[{"taxonomy":"category","embeddable":true,"href":"http:\/\/dsrmedios.com.ar\/diario\/wp-json\/wp\/v2\/categories?post=5818"},{"taxonomy":"post_tag","embeddable":true,"href":"http:\/\/dsrmedios.com.ar\/diario\/wp-json\/wp\/v2\/tags?post=5818"}],"curies":[{"name":"wp","href":"https:\/\/api.w.org\/{rel}","templated":true}]}}