{"id":5812,"date":"2018-05-10T10:01:25","date_gmt":"2018-05-10T13:01:25","guid":{"rendered":"http:\/\/dsrmedios.com.ar\/diario\/?p=5812"},"modified":"2018-05-10T10:01:25","modified_gmt":"2018-05-10T13:01:25","slug":"fuertes-vientos-y-tormentas-en-casi-toda-la-provincia-alerta-el-smn","status":"publish","type":"post","link":"http:\/\/dsrmedios.com.ar\/diario\/archivos\/5812","title":{"rendered":"Fuertes vientos y tormentas en casi toda la provincia alerta el SMN"},"content":{"rendered":"<div class=\"row\">\n<div class=\"col-xs-12 col-print-12\">\n<p class=\"element element-paragraph\">El Servicio Meteorol\u00f3gico Nacional (SMN) emiti\u00f3 una serie de alertas por mal tiempo que incluyen a la\u00a0<strong>Ciudad<\/strong>, buena parte de la provincia de\u00a0<strong>Buenos Aires, C\u00f3rdoba, Entre R\u00edos<\/strong>, norte de<strong>\u00a0San Luis\u00a0<\/strong>y centro y sur de<strong>\u00a0Santa Fe<\/strong>.<\/p>\n<\/div>\n<\/div>\n<div class=\"row\">\n<div class=\"col-xs-12 col-print-12\">\n<p class=\"element element-paragraph\">Uno de los informes advierte sobre\u00a0<strong>vientos intensos<\/strong>\u00a0que reci\u00e9n disminuir\u00e1n en la tarde del viernes: &#8220;La formaci\u00f3n y posterior profundizaci\u00f3n de un centro de baja presi\u00f3n generar\u00e1 un aumento del viento del sector este, rotando luego al sector sur, con intensidades que ser\u00e1n de\u00a0<strong>entre 40 y 60 kil\u00f3metros por hora<\/strong>\u00a0<strong>con r\u00e1fagas<\/strong>&#8220;.<\/p>\n<\/div>\n<\/div>\n<div class=\"row\">\n<div class=\"col-xs-12 col-print-12\">\n<p class=\"element element-paragraph\">Adem\u00e1s hay una alerta meteorol\u00f3gica por lluvias y tormentas de variada intensidad: &#8220;Se espera que esta situaci\u00f3n provoque fundamentalmente abundantes precipitaciones, especialmente en el sector comprendido por el sur y centro de Santa Fe, Entre R\u00edos, norte de la provincia de Buenos Aires, Ciudad Aut\u00f3noma de Buenos Aires y R\u00edo de la Plata, en donde podr\u00edan registrarse\u00a0<strong>valores de 50 a 100 mm durante este jueves<\/strong>, pudiendo ser superados&#8221;.\u00a0 De forma ocasional -apunta el SMN-, algunas tormentas podr\u00edan presentar ca\u00edda de granizo y r\u00e1fagas.<\/p>\n<div class=\"teads-inread\">\n<div class=\"teads-ui-components-credits\">En ese contexto,\u00a0<strong>Defensa Civil<\/strong>\u00a0invit\u00f3 a la poblaci\u00f3n a tomar precauciones y, si tiene la posibilidad de\u00a0<strong>mantenerse a resguardo<\/strong>,\u00a0no exponerse a las lluvias en la calle.<\/div>\n<\/div>\n<\/div>\n<\/div>\n<div class=\"row\">\n<div id=\"\" class=\"wrapper clearfix pb-feature pb-layout-item pb-f-ads-dfp left-align\">\n<div id=\"inline\" class=\"ad-slot\">\n<div id=\"inline_ad\" data-google-query-id=\"COi7hfuY-9oCFZMUgQodDlAFGQ\">\n<div id=\"google_ads_iframe_\/1058609\/infobae\/sociedad\/nota\/inline_0__container__\"><iframe id=\"google_ads_iframe_\/1058609\/infobae\/sociedad\/nota\/inline_0\" title=\"3rd party ad content\" name=\"google_ads_iframe_\/1058609\/infobae\/sociedad\/nota\/inline_0\" width=\"1\" height=\"1\" frameborder=\"0\" marginwidth=\"0\" marginheight=\"0\" scrolling=\"no\" data-mce-fragment=\"1\"><\/iframe><\/div>\n<div>Fuente:Infobae.com<\/div>\n<\/div>\n<\/div>\n<\/div>\n<div class=\"col-xs-12 col-print-12\">\n<p class=\"element element-paragraph\">\n<\/div>\n<\/div>\n<div class=\"row\"><\/div>\n","protected":false},"excerpt":{"rendered":"<div class=\"mh-excerpt\"><p>El Servicio Meteorol\u00f3gico Nacional (SMN) emiti\u00f3 una serie de alertas por mal tiempo que incluyen a la\u00a0Ciudad, buena parte de la provincia de\u00a0Buenos Aires, C\u00f3rdoba, Entre R\u00edos, norte de\u00a0San Luis\u00a0y centro y sur de\u00a0Santa Fe. Uno de los informes advierte sobre\u00a0vientos intensos\u00a0que reci\u00e9n disminuir\u00e1n en la tarde del viernes: &#8220;La formaci\u00f3n y posterior profundizaci\u00f3n de un centro de baja presi\u00f3n generar\u00e1 un aumento del viento del sector este, rotando luego al sector sur, con intensidades que ser\u00e1n de\u00a0entre 40 y 60 kil\u00f3metros por hora\u00a0con r\u00e1fagas&#8220;. Adem\u00e1s hay una alerta meteorol\u00f3gica por lluvias y tormentas de variada intensidad: &#8220;Se espera que <a class=\"mh-excerpt-more\" href=\"http:\/\/dsrmedios.com.ar\/diario\/archivos\/5812\" title=\"Fuertes vientos y tormentas en casi toda la provincia alerta el SMN\">[Leer m\u00e1s]<\/a><\/p>\n<\/div>","protected":false},"author":5,"featured_media":3298,"comment_status":"open","ping_status":"closed","sticky":false,"template":"","format":"standard","meta":{"_jetpack_newsletter_access":""},"categories":[18,7],"tags":[],"jetpack_featured_media_url":"http:\/\/dsrmedios.com.ar\/diario\/wp-content\/uploads\/2018\/01\/Lluvias.jpg","jetpack_sharing_enabled":true,"jetpack_shortlink":"https:\/\/wp.me\/p9fihK-1vK","_links":{"self":[{"href":"http:\/\/dsrmedios.com.ar\/diario\/wp-json\/wp\/v2\/posts\/5812"}],"collection":[{"href":"http:\/\/dsrmedios.com.ar\/diario\/wp-json\/wp\/v2\/posts"}],"about":[{"href":"http:\/\/dsrmedios.com.ar\/diario\/wp-json\/wp\/v2\/types\/post"}],"author":[{"embeddable":true,"href":"http:\/\/dsrmedios.com.ar\/diario\/wp-json\/wp\/v2\/users\/5"}],"replies":[{"embeddable":true,"href":"http:\/\/dsrmedios.com.ar\/diario\/wp-json\/wp\/v2\/comments?post=5812"}],"version-history":[{"count":1,"href":"http:\/\/dsrmedios.com.ar\/diario\/wp-json\/wp\/v2\/posts\/5812\/revisions"}],"predecessor-version":[{"id":5813,"href":"http:\/\/dsrmedios.com.ar\/diario\/wp-json\/wp\/v2\/posts\/5812\/revisions\/5813"}],"wp:featuredmedia":[{"embeddable":true,"href":"http:\/\/dsrmedios.com.ar\/diario\/wp-json\/wp\/v2\/media\/3298"}],"wp:attachment":[{"href":"http:\/\/dsrmedios.com.ar\/diario\/wp-json\/wp\/v2\/media?parent=5812"}],"wp:term":[{"taxonomy":"category","embeddable":true,"href":"http:\/\/dsrmedios.com.ar\/diario\/wp-json\/wp\/v2\/categories?post=5812"},{"taxonomy":"post_tag","embeddable":true,"href":"http:\/\/dsrmedios.com.ar\/diario\/wp-json\/wp\/v2\/tags?post=5812"}],"curies":[{"name":"wp","href":"https:\/\/api.w.org\/{rel}","templated":true}]}}