{"id":5798,"date":"2018-05-09T08:21:52","date_gmt":"2018-05-09T11:21:52","guid":{"rendered":"http:\/\/dsrmedios.com.ar\/diario\/?p=5798"},"modified":"2018-05-09T08:21:52","modified_gmt":"2018-05-09T11:21:52","slug":"se-llevara-a-cabo-el-rural-bike-este-domingo-13-de-mayo-en-nuestra-ciudad","status":"publish","type":"post","link":"http:\/\/dsrmedios.com.ar\/diario\/archivos\/5798","title":{"rendered":"se llevar\u00e1 a cabo el Rural Bike este domingo 13 de mayo en nuestra ciudad"},"content":{"rendered":"<p>El pr\u00f3ximo domingo 13 se realizar\u00e1 el Rural Bike Carhu\u00e9 en el marco de la 3\u00ba Fecha del Campeonato Sudoeste Bonaerense.<br \/>\nSer\u00e1 en el Frente Costero en el sector pr\u00f3ximo al camping.<br \/>\nHabr\u00e1 categor\u00eda promocional y competitiva. La primera largar\u00e1 \u00a0a las 11hs mientras que la competitiva a las 13hs.<br \/>\nLa inscripci\u00f3n comenzar\u00e1 a las 8:30 hs y tendr\u00e1 un valor de $300.<br \/>\nAl mismo tiempo habr\u00e1 cicloturismo, cuya inscripci\u00f3n es gratuita y largar\u00e1 a las 11hs en coincidencia con la categor\u00eda promocional.<br \/>\nDurante la jornada habr\u00e1 servicio de cantina del CEF n\u00ba28, como todos los a\u00f1os.<br \/>\nPara mayor informaci\u00f3n consultar en Direcci\u00f3n de Deportes o al 292 344-4299<\/p>\n","protected":false},"excerpt":{"rendered":"<div class=\"mh-excerpt\"><p>El pr\u00f3ximo domingo 13 se realizar\u00e1 el Rural Bike Carhu\u00e9 en el marco de la 3\u00ba Fecha del Campeonato Sudoeste Bonaerense. Ser\u00e1 en el Frente Costero en el sector pr\u00f3ximo al camping. Habr\u00e1 categor\u00eda promocional y competitiva. La primera largar\u00e1 \u00a0a las 11hs mientras que la competitiva a las 13hs. La inscripci\u00f3n comenzar\u00e1 a las 8:30 hs y tendr\u00e1 un valor de $300. Al mismo tiempo habr\u00e1 cicloturismo, cuya inscripci\u00f3n es gratuita y largar\u00e1 a las 11hs en coincidencia con la categor\u00eda promocional. Durante la jornada habr\u00e1 servicio de cantina del CEF n\u00ba28, como todos los a\u00f1os. Para mayor informaci\u00f3n <a class=\"mh-excerpt-more\" href=\"http:\/\/dsrmedios.com.ar\/diario\/archivos\/5798\" title=\"se llevar\u00e1 a cabo el Rural Bike este domingo 13 de mayo en nuestra ciudad\">[Leer m\u00e1s]<\/a><\/p>\n<\/div>","protected":false},"author":5,"featured_media":5799,"comment_status":"open","ping_status":"closed","sticky":false,"template":"","format":"standard","meta":{"_jetpack_newsletter_access":""},"categories":[18,31],"tags":[],"jetpack_featured_media_url":"http:\/\/dsrmedios.com.ar\/diario\/wp-content\/uploads\/2018\/05\/ruralbike.jpeg","jetpack_sharing_enabled":true,"jetpack_shortlink":"https:\/\/wp.me\/p9fihK-1vw","_links":{"self":[{"href":"http:\/\/dsrmedios.com.ar\/diario\/wp-json\/wp\/v2\/posts\/5798"}],"collection":[{"href":"http:\/\/dsrmedios.com.ar\/diario\/wp-json\/wp\/v2\/posts"}],"about":[{"href":"http:\/\/dsrmedios.com.ar\/diario\/wp-json\/wp\/v2\/types\/post"}],"author":[{"embeddable":true,"href":"http:\/\/dsrmedios.com.ar\/diario\/wp-json\/wp\/v2\/users\/5"}],"replies":[{"embeddable":true,"href":"http:\/\/dsrmedios.com.ar\/diario\/wp-json\/wp\/v2\/comments?post=5798"}],"version-history":[{"count":1,"href":"http:\/\/dsrmedios.com.ar\/diario\/wp-json\/wp\/v2\/posts\/5798\/revisions"}],"predecessor-version":[{"id":5800,"href":"http:\/\/dsrmedios.com.ar\/diario\/wp-json\/wp\/v2\/posts\/5798\/revisions\/5800"}],"wp:featuredmedia":[{"embeddable":true,"href":"http:\/\/dsrmedios.com.ar\/diario\/wp-json\/wp\/v2\/media\/5799"}],"wp:attachment":[{"href":"http:\/\/dsrmedios.com.ar\/diario\/wp-json\/wp\/v2\/media?parent=5798"}],"wp:term":[{"taxonomy":"category","embeddable":true,"href":"http:\/\/dsrmedios.com.ar\/diario\/wp-json\/wp\/v2\/categories?post=5798"},{"taxonomy":"post_tag","embeddable":true,"href":"http:\/\/dsrmedios.com.ar\/diario\/wp-json\/wp\/v2\/tags?post=5798"}],"curies":[{"name":"wp","href":"https:\/\/api.w.org\/{rel}","templated":true}]}}