{"id":5795,"date":"2018-05-09T08:19:32","date_gmt":"2018-05-09T11:19:32","guid":{"rendered":"http:\/\/dsrmedios.com.ar\/diario\/?p=5795"},"modified":"2018-05-09T08:19:32","modified_gmt":"2018-05-09T11:19:32","slug":"docentes-realizaran-una-conferencia-de-prensa-para-visibilizar-el-conflicto-con-provincia","status":"publish","type":"post","link":"http:\/\/dsrmedios.com.ar\/diario\/archivos\/5795","title":{"rendered":"Docentes realizar\u00e1n una conferencia de prensa para visibilizar el conflicto con provincia"},"content":{"rendered":"<p>El Frente de Unidad Docente Bonaerense (FUDB) \u2013que componen Suteba, FEB, Udocba, Amet y Sadop- realizar\u00e1 este mi\u00e9rcoles a las 11 horas una conferencia de prensa en el Centro Municipal de Arte de Avellaneda con el objetivo de denunciar &#8220;la grave situaci\u00f3n que profundiza el conflicto educativo&#8221;.<\/p>\n<p>De acuerdo a los trascendidos, los maestros podr\u00edan anunciar nuevas acciones para &#8220;visibilizar&#8221; el conflicto que mantienen con la administraci\u00f3n de Mar\u00eda Eugenia Vidal. Mientras tanto los sindicatos avanzan con decisiones internas: hoy Suteba realizaba reuniones de delegados en toda la provincia y Udocba un plenario.<\/p>\n<p>A dos meses del inicio de clases, el conflicto docente se complejiz\u00f3 durante la \u00faltima semana por la suba del d\u00f3lar. Es que, los gremios podr\u00edan utilizar esta variante en la pr\u00f3xima reuni\u00f3n para volver a exigir un aumento superior 20% y la cl\u00e1usula de actualizaci\u00f3n por inflaci\u00f3n, algo que por ahora el Ejecutivo se niega a negociar.<\/p>\n","protected":false},"excerpt":{"rendered":"<div class=\"mh-excerpt\"><p>El Frente de Unidad Docente Bonaerense (FUDB) \u2013que componen Suteba, FEB, Udocba, Amet y Sadop- realizar\u00e1 este mi\u00e9rcoles a las 11 horas una conferencia de prensa en el Centro Municipal de Arte de Avellaneda con el objetivo de denunciar &#8220;la grave situaci\u00f3n que profundiza el conflicto educativo&#8221;. De acuerdo a los trascendidos, los maestros podr\u00edan anunciar nuevas acciones para &#8220;visibilizar&#8221; el conflicto que mantienen con la administraci\u00f3n de Mar\u00eda Eugenia Vidal. Mientras tanto los sindicatos avanzan con decisiones internas: hoy Suteba realizaba reuniones de delegados en toda la provincia y Udocba un plenario. A dos meses del inicio de clases, <a class=\"mh-excerpt-more\" href=\"http:\/\/dsrmedios.com.ar\/diario\/archivos\/5795\" title=\"Docentes realizar\u00e1n una conferencia de prensa para visibilizar el conflicto con provincia\">[Leer m\u00e1s]<\/a><\/p>\n<\/div>","protected":false},"author":5,"featured_media":5796,"comment_status":"open","ping_status":"closed","sticky":false,"template":"","format":"standard","meta":{"_jetpack_newsletter_access":""},"categories":[18,7],"tags":[],"jetpack_featured_media_url":"http:\/\/dsrmedios.com.ar\/diario\/wp-content\/uploads\/2018\/05\/docentes-paritaria_3.jpg","jetpack_sharing_enabled":true,"jetpack_shortlink":"https:\/\/wp.me\/p9fihK-1vt","_links":{"self":[{"href":"http:\/\/dsrmedios.com.ar\/diario\/wp-json\/wp\/v2\/posts\/5795"}],"collection":[{"href":"http:\/\/dsrmedios.com.ar\/diario\/wp-json\/wp\/v2\/posts"}],"about":[{"href":"http:\/\/dsrmedios.com.ar\/diario\/wp-json\/wp\/v2\/types\/post"}],"author":[{"embeddable":true,"href":"http:\/\/dsrmedios.com.ar\/diario\/wp-json\/wp\/v2\/users\/5"}],"replies":[{"embeddable":true,"href":"http:\/\/dsrmedios.com.ar\/diario\/wp-json\/wp\/v2\/comments?post=5795"}],"version-history":[{"count":1,"href":"http:\/\/dsrmedios.com.ar\/diario\/wp-json\/wp\/v2\/posts\/5795\/revisions"}],"predecessor-version":[{"id":5797,"href":"http:\/\/dsrmedios.com.ar\/diario\/wp-json\/wp\/v2\/posts\/5795\/revisions\/5797"}],"wp:featuredmedia":[{"embeddable":true,"href":"http:\/\/dsrmedios.com.ar\/diario\/wp-json\/wp\/v2\/media\/5796"}],"wp:attachment":[{"href":"http:\/\/dsrmedios.com.ar\/diario\/wp-json\/wp\/v2\/media?parent=5795"}],"wp:term":[{"taxonomy":"category","embeddable":true,"href":"http:\/\/dsrmedios.com.ar\/diario\/wp-json\/wp\/v2\/categories?post=5795"},{"taxonomy":"post_tag","embeddable":true,"href":"http:\/\/dsrmedios.com.ar\/diario\/wp-json\/wp\/v2\/tags?post=5795"}],"curies":[{"name":"wp","href":"https:\/\/api.w.org\/{rel}","templated":true}]}}