{"id":5789,"date":"2018-05-09T08:14:06","date_gmt":"2018-05-09T11:14:06","guid":{"rendered":"http:\/\/dsrmedios.com.ar\/diario\/?p=5789"},"modified":"2018-05-09T08:14:06","modified_gmt":"2018-05-09T11:14:06","slug":"la-oposicion-buscara-hoy-aprobar-el-proyecto-de-emergencia-tarifaria","status":"publish","type":"post","link":"http:\/\/dsrmedios.com.ar\/diario\/archivos\/5789","title":{"rendered":"La oposici\u00f3n buscar\u00e1 hoy aprobar el proyecto de &#8220;Emergencia Tarifaria&#8221;"},"content":{"rendered":"<p>La mayor\u00eda de los bloques opositores de la C\u00e1mara de Diputados buscar\u00e1n este mi\u00e9rcoles aprobar el proyecto de &#8220;Emergencia Tarifaria&#8221;, que elimina las subas en las facturas de los servicios p\u00fablicos en 2018 y condiciona nuevos aumentos al alza salarial, m\u00e1s all\u00e1 del anticipo del Gobierno sobre la posibilidad de vetar la iniciativa debido &#8220;al alto costo fiscal que implica&#8221;.<\/p>\n<p>Encabezados por el kirchnerismo, el massismo y el justicialismo, los bloques opositores conf\u00edan en que reunir\u00e1n el qu\u00f3rum y que se impondr\u00e1n en la votaci\u00f3n de la iniciativa, que es rechazada por Cambiemos y sus aliados. La sesi\u00f3n especial en la que se debatir\u00e1 este tema est\u00e1 prevista para las 12 y, en base a un acuerdo parlamentario logrado ayer, se realizar\u00e1 al t\u00e9rmino de otra sesi\u00f3n convocada para las 10.30, en la que el oficialismo buscar\u00e1 aprobar los proyectos sobre Financiamiento Productivo y Defensa de la Competencia.<\/p>\n<p>Para asegurarse el n\u00famero de votos necesarios para imponerse en la votaci\u00f3n, los autores del proyecto de disminuci\u00f3n del impacto de los aumentos tarifarios tuvieron que eliminar algunos de los art\u00edculos del texto original. Para retener a los miembros de los bloques que representan a los gobiernos provinciales de C\u00f3rdoba, Entre R\u00edos y Chaco, entre otros, los impulsores del proyecto eliminaron lo referido a la disminuci\u00f3n del cobro de IVA en las facturas de los servicios p\u00fablicos. Ese \u00edtem, propuesto originalmente por el massismo, gener\u00f3 el rechazo de los gobernadores, por tratarse el IVA de un impuesto coparticipable.<\/p>\n<p>El de hoyser\u00e1 el tercer intento opositor por abordar el proyecto, luego de fracasar, hace tres semanas, en la posibilidad de reunir qu\u00f3rum (le falt\u00f3 un diputado) y de no conseguir hace dos semanas la mayor\u00eda de los dos tercios para aprobar los proyectos.<\/p>\n<p>El proyecto opositor sobre tarifas determina que en el caso de los usuarios residenciales las mismas se retrotraigan a diciembre de 2017, y que desde esa fecha los aumentos no puedan superar al alza de los salarios. En relaci\u00f3n a las pymes, establece que los incrementos no excedan el \u00cdndice de Precios Internos al Mayor (IPIM) publicado por el Instituto de Estad\u00edstica y Censos (Indec) acumulado desde tres meses anteriores a la fecha de vigencia de la \u00faltima actualizaci\u00f3n tarifaria hasta los tres meses anteriores a la aplicaci\u00f3n de la nueva tarifa.<\/p>\n<p>fuente:www.aninoticias.com<\/p>\n","protected":false},"excerpt":{"rendered":"<div class=\"mh-excerpt\"><p>La mayor\u00eda de los bloques opositores de la C\u00e1mara de Diputados buscar\u00e1n este mi\u00e9rcoles aprobar el proyecto de &#8220;Emergencia Tarifaria&#8221;, que elimina las subas en las facturas de los servicios p\u00fablicos en 2018 y condiciona nuevos aumentos al alza salarial, m\u00e1s all\u00e1 del anticipo del Gobierno sobre la posibilidad de vetar la iniciativa debido &#8220;al alto costo fiscal que implica&#8221;. Encabezados por el kirchnerismo, el massismo y el justicialismo, los bloques opositores conf\u00edan en que reunir\u00e1n el qu\u00f3rum y que se impondr\u00e1n en la votaci\u00f3n de la iniciativa, que es rechazada por Cambiemos y sus aliados. La sesi\u00f3n especial en <a class=\"mh-excerpt-more\" href=\"http:\/\/dsrmedios.com.ar\/diario\/archivos\/5789\" title=\"La oposici\u00f3n buscar\u00e1 hoy aprobar el proyecto de &#8220;Emergencia Tarifaria&#8221;\">[Leer m\u00e1s]<\/a><\/p>\n<\/div>","protected":false},"author":5,"featured_media":5790,"comment_status":"open","ping_status":"closed","sticky":false,"template":"","format":"standard","meta":{"_jetpack_newsletter_access":""},"categories":[6],"tags":[],"jetpack_featured_media_url":"http:\/\/dsrmedios.com.ar\/diario\/wp-content\/uploads\/2018\/05\/camara.jpg","jetpack_sharing_enabled":true,"jetpack_shortlink":"https:\/\/wp.me\/p9fihK-1vn","_links":{"self":[{"href":"http:\/\/dsrmedios.com.ar\/diario\/wp-json\/wp\/v2\/posts\/5789"}],"collection":[{"href":"http:\/\/dsrmedios.com.ar\/diario\/wp-json\/wp\/v2\/posts"}],"about":[{"href":"http:\/\/dsrmedios.com.ar\/diario\/wp-json\/wp\/v2\/types\/post"}],"author":[{"embeddable":true,"href":"http:\/\/dsrmedios.com.ar\/diario\/wp-json\/wp\/v2\/users\/5"}],"replies":[{"embeddable":true,"href":"http:\/\/dsrmedios.com.ar\/diario\/wp-json\/wp\/v2\/comments?post=5789"}],"version-history":[{"count":1,"href":"http:\/\/dsrmedios.com.ar\/diario\/wp-json\/wp\/v2\/posts\/5789\/revisions"}],"predecessor-version":[{"id":5791,"href":"http:\/\/dsrmedios.com.ar\/diario\/wp-json\/wp\/v2\/posts\/5789\/revisions\/5791"}],"wp:featuredmedia":[{"embeddable":true,"href":"http:\/\/dsrmedios.com.ar\/diario\/wp-json\/wp\/v2\/media\/5790"}],"wp:attachment":[{"href":"http:\/\/dsrmedios.com.ar\/diario\/wp-json\/wp\/v2\/media?parent=5789"}],"wp:term":[{"taxonomy":"category","embeddable":true,"href":"http:\/\/dsrmedios.com.ar\/diario\/wp-json\/wp\/v2\/categories?post=5789"},{"taxonomy":"post_tag","embeddable":true,"href":"http:\/\/dsrmedios.com.ar\/diario\/wp-json\/wp\/v2\/tags?post=5789"}],"curies":[{"name":"wp","href":"https:\/\/api.w.org\/{rel}","templated":true}]}}