{"id":5777,"date":"2018-05-09T07:06:49","date_gmt":"2018-05-09T10:06:49","guid":{"rendered":"http:\/\/dsrmedios.com.ar\/diario\/?p=5777"},"modified":"2018-05-08T15:57:41","modified_gmt":"2018-05-08T18:57:41","slug":"cuentos-contados-por-el-escritor-alfredo-alba-en-la-biblioteca-popular-adolfo-alsina","status":"publish","type":"post","link":"http:\/\/dsrmedios.com.ar\/diario\/archivos\/5777","title":{"rendered":"Cuentos contados por el escritor Alfredo Alba en la Biblioteca Popular Adolfo Alsina"},"content":{"rendered":"<p>En su portal de Facebook la Biblioteca de nuestra ciudad public\u00f3 la fotograf\u00eca de un momento especial con el siguiente texto: <strong>&#8220;El jueves 3 y viernes 4 de Mayo, los ni\u00f1os de sala amarilla de ambos turnos y sala verde, se hicieron presentes en la Biblioteca Popular de Adolfo Alsina para compartir un momento de cuento con el escritor Horacio Alba!!!!! Hermosa experiencia compartida!!!&#8221;<\/strong><\/p>\n","protected":false},"excerpt":{"rendered":"<div class=\"mh-excerpt\"><p>En su portal de Facebook la Biblioteca de nuestra ciudad public\u00f3 la fotograf\u00eca de un momento especial con el siguiente texto: &#8220;El jueves 3 y viernes 4 de Mayo, los ni\u00f1os de sala amarilla de ambos turnos y sala verde, se hicieron presentes en la Biblioteca Popular de Adolfo Alsina para compartir un momento de cuento con el escritor Horacio Alba!!!!! Hermosa experiencia compartida!!!&#8221;<\/p>\n<\/div>","protected":false},"author":5,"featured_media":5778,"comment_status":"open","ping_status":"closed","sticky":false,"template":"","format":"standard","meta":{"_jetpack_newsletter_access":""},"categories":[18,31],"tags":[],"jetpack_featured_media_url":"http:\/\/dsrmedios.com.ar\/diario\/wp-content\/uploads\/2018\/05\/jardinbiblio.jpg","jetpack_sharing_enabled":true,"jetpack_shortlink":"https:\/\/wp.me\/p9fihK-1vb","_links":{"self":[{"href":"http:\/\/dsrmedios.com.ar\/diario\/wp-json\/wp\/v2\/posts\/5777"}],"collection":[{"href":"http:\/\/dsrmedios.com.ar\/diario\/wp-json\/wp\/v2\/posts"}],"about":[{"href":"http:\/\/dsrmedios.com.ar\/diario\/wp-json\/wp\/v2\/types\/post"}],"author":[{"embeddable":true,"href":"http:\/\/dsrmedios.com.ar\/diario\/wp-json\/wp\/v2\/users\/5"}],"replies":[{"embeddable":true,"href":"http:\/\/dsrmedios.com.ar\/diario\/wp-json\/wp\/v2\/comments?post=5777"}],"version-history":[{"count":1,"href":"http:\/\/dsrmedios.com.ar\/diario\/wp-json\/wp\/v2\/posts\/5777\/revisions"}],"predecessor-version":[{"id":5779,"href":"http:\/\/dsrmedios.com.ar\/diario\/wp-json\/wp\/v2\/posts\/5777\/revisions\/5779"}],"wp:featuredmedia":[{"embeddable":true,"href":"http:\/\/dsrmedios.com.ar\/diario\/wp-json\/wp\/v2\/media\/5778"}],"wp:attachment":[{"href":"http:\/\/dsrmedios.com.ar\/diario\/wp-json\/wp\/v2\/media?parent=5777"}],"wp:term":[{"taxonomy":"category","embeddable":true,"href":"http:\/\/dsrmedios.com.ar\/diario\/wp-json\/wp\/v2\/categories?post=5777"},{"taxonomy":"post_tag","embeddable":true,"href":"http:\/\/dsrmedios.com.ar\/diario\/wp-json\/wp\/v2\/tags?post=5777"}],"curies":[{"name":"wp","href":"https:\/\/api.w.org\/{rel}","templated":true}]}}