{"id":5770,"date":"2018-05-08T11:00:17","date_gmt":"2018-05-08T14:00:17","guid":{"rendered":"http:\/\/dsrmedios.com.ar\/diario\/?p=5770"},"modified":"2018-05-08T11:00:17","modified_gmt":"2018-05-08T14:00:17","slug":"se-realizaran-actividades-por-el-dia-nacional-de-los-monumentos-en-nuestra-ciudad","status":"publish","type":"post","link":"http:\/\/dsrmedios.com.ar\/diario\/archivos\/5770","title":{"rendered":"Se realizar\u00e1n actividades por el D\u00eda Nacional de los Monumentos en nuestra ciudad"},"content":{"rendered":"<p>Durante el s\u00e1bado y domingo en Carhu\u00e9 participar\u00e1 de las \u00a0actividades por el D\u00eda Nacional de los Monumentos que se realizar\u00e1n \u00a0a lo largo y ancho de todo el pa\u00eds.<br \/>\nEn este sentido, habr\u00e1 visitas guiadas al Palacio Municipal \u00a0y \u00a0la Casa de la Fortinera permanecer\u00e1 abierta de 14 a 17hs para que los visitantes puedan recorrerla.<br \/>\nDurante s\u00e1bado y domingo a las 14:30hs habr\u00e1 una visita guiada al Palacio Municipal que es Monumento Nacional y que en diciembre de este a\u00f1o cumplir\u00e1 su ochenta aniversario.<br \/>\nLa Comisi\u00f3n Nacional de Monumentos, de Lugares y de Bienes Hist\u00f3ricos, acompa\u00f1ada por instituciones provinciales, municipales y tambi\u00e9n privadas, brindar\u00e1 al p\u00fablico la posibilidad de descubrir durante ese fin de semana de manera gratuita distintos Monumentos Nacionales y destacados lugares de valor patrimonial, promoviendo visitas y actividades especiales con el objetivo de conocer m\u00e1s sobre su historia y su arquitectura, para que el visitante pueda valorarlos como parte de su propia identidad.<\/p>\n","protected":false},"excerpt":{"rendered":"<div class=\"mh-excerpt\"><p>Durante el s\u00e1bado y domingo en Carhu\u00e9 participar\u00e1 de las \u00a0actividades por el D\u00eda Nacional de los Monumentos que se realizar\u00e1n \u00a0a lo largo y ancho de todo el pa\u00eds. En este sentido, habr\u00e1 visitas guiadas al Palacio Municipal \u00a0y \u00a0la Casa de la Fortinera permanecer\u00e1 abierta de 14 a 17hs para que los visitantes puedan recorrerla. Durante s\u00e1bado y domingo a las 14:30hs habr\u00e1 una visita guiada al Palacio Municipal que es Monumento Nacional y que en diciembre de este a\u00f1o cumplir\u00e1 su ochenta aniversario. La Comisi\u00f3n Nacional de Monumentos, de Lugares y de Bienes Hist\u00f3ricos, acompa\u00f1ada por instituciones <a class=\"mh-excerpt-more\" href=\"http:\/\/dsrmedios.com.ar\/diario\/archivos\/5770\" title=\"Se realizar\u00e1n actividades por el D\u00eda Nacional de los Monumentos en nuestra ciudad\">[Leer m\u00e1s]<\/a><\/p>\n<\/div>","protected":false},"author":5,"featured_media":5771,"comment_status":"open","ping_status":"closed","sticky":false,"template":"","format":"standard","meta":{"_jetpack_newsletter_access":""},"categories":[18,31],"tags":[],"jetpack_featured_media_url":"http:\/\/dsrmedios.com.ar\/diario\/wp-content\/uploads\/2018\/05\/Carhue4.jpg","jetpack_sharing_enabled":true,"jetpack_shortlink":"https:\/\/wp.me\/p9fihK-1v4","_links":{"self":[{"href":"http:\/\/dsrmedios.com.ar\/diario\/wp-json\/wp\/v2\/posts\/5770"}],"collection":[{"href":"http:\/\/dsrmedios.com.ar\/diario\/wp-json\/wp\/v2\/posts"}],"about":[{"href":"http:\/\/dsrmedios.com.ar\/diario\/wp-json\/wp\/v2\/types\/post"}],"author":[{"embeddable":true,"href":"http:\/\/dsrmedios.com.ar\/diario\/wp-json\/wp\/v2\/users\/5"}],"replies":[{"embeddable":true,"href":"http:\/\/dsrmedios.com.ar\/diario\/wp-json\/wp\/v2\/comments?post=5770"}],"version-history":[{"count":1,"href":"http:\/\/dsrmedios.com.ar\/diario\/wp-json\/wp\/v2\/posts\/5770\/revisions"}],"predecessor-version":[{"id":5772,"href":"http:\/\/dsrmedios.com.ar\/diario\/wp-json\/wp\/v2\/posts\/5770\/revisions\/5772"}],"wp:featuredmedia":[{"embeddable":true,"href":"http:\/\/dsrmedios.com.ar\/diario\/wp-json\/wp\/v2\/media\/5771"}],"wp:attachment":[{"href":"http:\/\/dsrmedios.com.ar\/diario\/wp-json\/wp\/v2\/media?parent=5770"}],"wp:term":[{"taxonomy":"category","embeddable":true,"href":"http:\/\/dsrmedios.com.ar\/diario\/wp-json\/wp\/v2\/categories?post=5770"},{"taxonomy":"post_tag","embeddable":true,"href":"http:\/\/dsrmedios.com.ar\/diario\/wp-json\/wp\/v2\/tags?post=5770"}],"curies":[{"name":"wp","href":"https:\/\/api.w.org\/{rel}","templated":true}]}}