{"id":5761,"date":"2018-05-08T10:41:47","date_gmt":"2018-05-08T13:41:47","guid":{"rendered":"http:\/\/dsrmedios.com.ar\/diario\/?p=5761"},"modified":"2018-05-08T10:54:49","modified_gmt":"2018-05-08T13:54:49","slug":"se-inauguro-la-casa-de-abuelos-de-villa-maza-una-obra-largamente-anhelada","status":"publish","type":"post","link":"http:\/\/dsrmedios.com.ar\/diario\/archivos\/5761","title":{"rendered":"Se inaugur\u00f3 la Casa de Abuelos de Villa Maza una obra largamente anhelada"},"content":{"rendered":"<p>En el marco del 112\u00ba aniversario de Villa Maza, se inaugur\u00f3 la obra de la Casa de Abuelos de Villa Maza, que fuera largamente esperada por la comunidad y producto del trabajo en conjunto entre la instituciones locales y el Municipio.<br \/>\nAl inicio de la gesti\u00f3n del Intendente Hirtz, la obra se encontraba parada y se comprometi\u00f3 a finalizarla para dar respuesta a una necesidad de la comunidad y a las diferentes instituciones que trabajaban desde a\u00f1os para poder lograrla.<br \/>\nDe la inauguraci\u00f3n participaron el Intendente David Hirtz, el Delegado Quique Mart\u00edn, miembros del Gabinete, el Presidente del Honorable Concejo Deliberante, concejales, autoridades locales, el Diputado Emiliano Balb\u00edn, Intendentes de ciudades vecinas, instituciones y la comunidad.<br \/>\nPrimero tom\u00f3 la palabra Gladys Fern\u00e1ndez , presidenta de la Comisi\u00f3n de Comisiones por el Desarrollo Integral de Villa Maza, quien dio cuenta de todo el trayecto recorrido para llegar a inaugurar la obra. Fern\u00e1ndez solicit\u00f3 en su discurso se d\u00e9 continuidad a la segunda etapa de la obra y que pronto se pueda tener a \u201clo abuelos adentro\u201d que son quienes le dar\u00e1n \u201cvida\u201d al lugar.<br \/>\nDurante su discurso, Hirtz destac\u00f3 el trabajo conjunto con las instituciones locales: \u201csiempre proclam\u00e9 con convencimiento \u00a0de \u00a0la \u00a0necesidad del trabajo \u00a0conjunto entre las comunidades y el gobierno local. Siempre sostengo que un gobierno municipal puede tener recursos, puede tener ideas, puede tener iniciativas, puede tener las mejores intenciones, pero si enfrente no hay una comunidad comprometida en la misma l\u00ednea, no hay instituciones decididas a acompa\u00f1arla tarea del crecimiento de su pueblo, \u00a0esto se hace m\u00e1s dif\u00edcil. Ac\u00e1 encontramos desde el primer momento una comunidad no s\u00f3lo decidida a acompa\u00f1ar esto sino a comprometerse a hacerlo juntos.Y as\u00ed lo hicimos.\u201d<br \/>\nAl mismo tiempo destac\u00f3 el apoyo de la Provincia para poder lograrlo: \u201cPor supuesto que las buenas intenciones y los buenos deseos hay un momento que para concretarlos \u00a0requieren de un esfuerzo econ\u00f3mico, y ese esfuerzo econ\u00f3mico \u00a0superaba las posibilidades del presupuesto municipal. Est\u00e1bamos \u00a0hablando de una inversi\u00f3n de un mill\u00f3n y medio. Entonces tuvimos que recurrir a utilizar un recurso que la provincia le asignaba al distrito de Adolfo Alsina con un fin espec\u00edfico que era el fondo de infraestructura municipal . Este es un convenio \u00a0que ten\u00edamos con la provincia con el objeto \u00a0de llevar adelante tareas de cord\u00f3n cuneta, pavimentaci\u00f3n y repavimentaci\u00f3n. Exclusivamente.\u201d y agreg\u00f3 \u00a0\u201cCuando tuvimos que disponer de estos recursos para terminar este hogar, fuimos a hablar con la Gobernadora y con el Ministro de Infraestructura de la Provincia, le contamos de esta obra e \u00a0inmediatamente accedieron a modificar ese convenio y a \u00a0otorgarnos recursos que nos permitieron terminar con esta tarea.\u201d<br \/>\nHirtz tambi\u00e9n contextualiz\u00f3 la importancia de que el estado asuma la complejidad cada vez mayor en relaci\u00f3n a los adultos mayores dado que gracias al avance de la ciencia la expectativa de vida aumenta y cada vez es mayor la porci\u00f3n de personas mayores de 60 a\u00f1os. Cit\u00f3 el trabajo de Facundo Manes y Mateo Niro y afirm\u00f3 que el cerebro no est\u00e1 preparado para esa nueva expectativa de vida \u201cEntonces se producen problemas degenerativos de tipo cerebral, el parkinson, el alzheimer, ese tipo de enfermedades que requieren de lugares especiales para ser atendidos. El Estado va a tener que comenzar a trabajar seria y decididamente en este tipo de cuestiones que se vienen porque son los temas a encarar del futuro.\u201d<br \/>\nPor \u00faltimo afirm\u00f3 que se continuar\u00e1 con la segunda etapa y ratific\u00f3 el compromiso \u201cde seguir adelante en la habilitaci\u00f3n , para eso vamos a necesitar tambi\u00e9n trabajar juntos buscando el mejor mecanismo para que \u00a0esto funcione desde el punto de vista de la figura jur\u00eddica, desde el punto de vista de la ocupaci\u00f3n del personal, de la atenci\u00f3n, de la contenci\u00f3n para que lo hagamos entre todos, lo hagamos de consenso y este sea el mejor lugar que haya para nuestros abuelos en Villa Maza y sus alrededores.\u201d<\/p>\n","protected":false},"excerpt":{"rendered":"<div class=\"mh-excerpt\"><p>En el marco del 112\u00ba aniversario de Villa Maza, se inaugur\u00f3 la obra de la Casa de Abuelos de Villa Maza, que fuera largamente esperada por la comunidad y producto del trabajo en conjunto entre la instituciones locales y el Municipio. Al inicio de la gesti\u00f3n del Intendente Hirtz, la obra se encontraba parada y se comprometi\u00f3 a finalizarla para dar respuesta a una necesidad de la comunidad y a las diferentes instituciones que trabajaban desde a\u00f1os para poder lograrla. De la inauguraci\u00f3n participaron el Intendente David Hirtz, el Delegado Quique Mart\u00edn, miembros del Gabinete, el Presidente del Honorable Concejo <a class=\"mh-excerpt-more\" href=\"http:\/\/dsrmedios.com.ar\/diario\/archivos\/5761\" title=\"Se inaugur\u00f3 la Casa de Abuelos de Villa Maza una obra largamente anhelada\">[Leer m\u00e1s]<\/a><\/p>\n<\/div>","protected":false},"author":5,"featured_media":5762,"comment_status":"open","ping_status":"closed","sticky":false,"template":"","format":"standard","meta":{"_jetpack_newsletter_access":""},"categories":[18,31],"tags":[],"jetpack_featured_media_url":"http:\/\/dsrmedios.com.ar\/diario\/wp-content\/uploads\/2018\/05\/hogar-villa-maza.jpg","jetpack_sharing_enabled":true,"jetpack_shortlink":"https:\/\/wp.me\/p9fihK-1uV","_links":{"self":[{"href":"http:\/\/dsrmedios.com.ar\/diario\/wp-json\/wp\/v2\/posts\/5761"}],"collection":[{"href":"http:\/\/dsrmedios.com.ar\/diario\/wp-json\/wp\/v2\/posts"}],"about":[{"href":"http:\/\/dsrmedios.com.ar\/diario\/wp-json\/wp\/v2\/types\/post"}],"author":[{"embeddable":true,"href":"http:\/\/dsrmedios.com.ar\/diario\/wp-json\/wp\/v2\/users\/5"}],"replies":[{"embeddable":true,"href":"http:\/\/dsrmedios.com.ar\/diario\/wp-json\/wp\/v2\/comments?post=5761"}],"version-history":[{"count":2,"href":"http:\/\/dsrmedios.com.ar\/diario\/wp-json\/wp\/v2\/posts\/5761\/revisions"}],"predecessor-version":[{"id":5765,"href":"http:\/\/dsrmedios.com.ar\/diario\/wp-json\/wp\/v2\/posts\/5761\/revisions\/5765"}],"wp:featuredmedia":[{"embeddable":true,"href":"http:\/\/dsrmedios.com.ar\/diario\/wp-json\/wp\/v2\/media\/5762"}],"wp:attachment":[{"href":"http:\/\/dsrmedios.com.ar\/diario\/wp-json\/wp\/v2\/media?parent=5761"}],"wp:term":[{"taxonomy":"category","embeddable":true,"href":"http:\/\/dsrmedios.com.ar\/diario\/wp-json\/wp\/v2\/categories?post=5761"},{"taxonomy":"post_tag","embeddable":true,"href":"http:\/\/dsrmedios.com.ar\/diario\/wp-json\/wp\/v2\/tags?post=5761"}],"curies":[{"name":"wp","href":"https:\/\/api.w.org\/{rel}","templated":true}]}}