{"id":5756,"date":"2018-05-08T09:02:33","date_gmt":"2018-05-08T12:02:33","guid":{"rendered":"http:\/\/dsrmedios.com.ar\/diario\/?p=5756"},"modified":"2018-05-08T09:02:33","modified_gmt":"2018-05-08T12:02:33","slug":"villa-maza-celebro-su-aniversario-con-shows-musicales-inauguracion-subsidios-reconocimientos-y-anuncios","status":"publish","type":"post","link":"http:\/\/dsrmedios.com.ar\/diario\/archivos\/5756","title":{"rendered":"Villa Maza celebr\u00f3 su aniversario con shows musicales, inauguraci\u00f3n, subsidios, reconocimientos y anuncios."},"content":{"rendered":"<p>Participaron de las actividades previstas por el aniversario, el Intendente David Hirtz, el Delegado Quique Mart\u00edn, miembros del Gabinete, el Presidente del Honorable Concejo Deliberante, concejales, autoridades locales, el Diputado Emiliano Balb\u00edn, Intendentes de ciudades vecinas, y la comunidad.<br \/>\nLa celebraci\u00f3n comenz\u00f3 con un homenaje a los Primeros Pobladores. El Intendente, el Delegado y el Diputado Balbin colocaron una ofrenda floral en su monumento. \u201cLo primero es rendir un homenaje, un recuerdo, un agradecimiento, un reconocimiento, a aquellos que hace 112 a\u00f1os tuvieron la valent\u00eda y el coraje de poner la piedra fundamental de este lugar, s\u00f3lo mu\u00f1idos de los escasos recursos que ten\u00edan , pero de una gran fuerza de voluntad, venir a crear un nuevo espacio en el cual vivir, que se ha transformado en esta pujante y moderna localidad de Villa Maza\u201d se\u00f1al\u00f3 luego Hirtz.<br \/>\n\u201cCada d\u00eda m\u00e1s me parece que es posible valorizar estas ciudades peque\u00f1as de tama\u00f1o, en que todos nos conocemos, en que todos podemos confiar en el vecino, lindas, limpias, seguras, ordenadas, tranquilas. Sigamos trabajando para que adem\u00e1s de todos estos atributos nuestras comunidades tengan la posibilidad de crecer , la posibilidad de desarrollarse, la posibilidad de darle a nuestros j\u00f3venes y a nuestros chicos, la idea de quedarse en este lugar, de desarrollarse en este mismo lugar\u201d,se\u00f1al\u00f3 el Intendente y agreg\u00f3 \u201cTengo para ello razones de optimismo: despu\u00e9s de muchos a\u00f1os en que los recursos de estas regiones productivas fueron exclusivamente en impuestos para alimentar otras regiones del pa\u00eds; hoy la inversi\u00f3n p\u00fablica, solamente en Adolfo Alsina, si contabilizamos la ruta 60 y las obras que todos y cada uno de los pueblos de nuestro distrito estamos realizando, superan los mil millones de pesos en estos dos a\u00f1os y medio. Es una inversi\u00f3n indudablemente in\u00e9dita para nuestra regi\u00f3n, colocada por el Gobierno de Mar\u00eda Eugenia Vidal y el gobierno nacional\u201d.<br \/>\nDurante el acto, brindaron sus palabras adem\u00e1s el Delegado Quique Mart\u00edn y Juan De Ort\u00fazar, Presidente del Honorable Concejo Deliberante.<br \/>\nAdem\u00e1s se reconoci\u00f3 a la deportista Rafaela Forastiero y recibieron subsidios el Club Ferrocarril Sarmiento y la Sociedad Espa\u00f1ola Mutualista y Cultural.<br \/>\nPor otra parte, el Diputado Balb\u00edn junto al Delegado hicieron la tradicional entrega de Constituciones nacionales y provinciales.. Esta vez los alumnos de 3\u00ba y 4\u00ba de la Secundaria n\u00ba4 fueron los receptores de las Constituciones.<br \/>\nEl Intendente Hirtz entreg\u00f3 el proyecto de ordenanza a Juan de Ort\u00fazar, Presidente del Honorable Concejo Deliberante, para la selecci\u00f3n de adjudicatarios del programa de viviendas \u201cTecho Digno\u201d.<br \/>\nHirtz anunci\u00f3 que solicitar\u00e1 esta semana en el Ministerio de Infraestructura de la Provincia la ampliaci\u00f3n de la obra de Desag\u00fces Pluviales, cuya primera etapa avanza a buen ritmo.<br \/>\nLa noche sigui\u00f3 con la actuaci\u00f3n del grupo folcl\u00f3rico Gualicho, kili y su banda Hechizo que hicieron cantar y bailar a todos los presentes.<\/p>\n","protected":false},"excerpt":{"rendered":"<div class=\"mh-excerpt\"><p>Participaron de las actividades previstas por el aniversario, el Intendente David Hirtz, el Delegado Quique Mart\u00edn, miembros del Gabinete, el Presidente del Honorable Concejo Deliberante, concejales, autoridades locales, el Diputado Emiliano Balb\u00edn, Intendentes de ciudades vecinas, y la comunidad. La celebraci\u00f3n comenz\u00f3 con un homenaje a los Primeros Pobladores. El Intendente, el Delegado y el Diputado Balbin colocaron una ofrenda floral en su monumento. \u201cLo primero es rendir un homenaje, un recuerdo, un agradecimiento, un reconocimiento, a aquellos que hace 112 a\u00f1os tuvieron la valent\u00eda y el coraje de poner la piedra fundamental de este lugar, s\u00f3lo mu\u00f1idos de los <a class=\"mh-excerpt-more\" href=\"http:\/\/dsrmedios.com.ar\/diario\/archivos\/5756\" title=\"Villa Maza celebr\u00f3 su aniversario con shows musicales, inauguraci\u00f3n, subsidios, reconocimientos y anuncios.\">[Leer m\u00e1s]<\/a><\/p>\n<\/div>","protected":false},"author":5,"featured_media":5757,"comment_status":"open","ping_status":"closed","sticky":false,"template":"","format":"standard","meta":{"_jetpack_newsletter_access":""},"categories":[18,31],"tags":[],"jetpack_featured_media_url":"http:\/\/dsrmedios.com.ar\/diario\/wp-content\/uploads\/2018\/05\/maz-aniversari.jpg","jetpack_sharing_enabled":true,"jetpack_shortlink":"https:\/\/wp.me\/p9fihK-1uQ","_links":{"self":[{"href":"http:\/\/dsrmedios.com.ar\/diario\/wp-json\/wp\/v2\/posts\/5756"}],"collection":[{"href":"http:\/\/dsrmedios.com.ar\/diario\/wp-json\/wp\/v2\/posts"}],"about":[{"href":"http:\/\/dsrmedios.com.ar\/diario\/wp-json\/wp\/v2\/types\/post"}],"author":[{"embeddable":true,"href":"http:\/\/dsrmedios.com.ar\/diario\/wp-json\/wp\/v2\/users\/5"}],"replies":[{"embeddable":true,"href":"http:\/\/dsrmedios.com.ar\/diario\/wp-json\/wp\/v2\/comments?post=5756"}],"version-history":[{"count":1,"href":"http:\/\/dsrmedios.com.ar\/diario\/wp-json\/wp\/v2\/posts\/5756\/revisions"}],"predecessor-version":[{"id":5758,"href":"http:\/\/dsrmedios.com.ar\/diario\/wp-json\/wp\/v2\/posts\/5756\/revisions\/5758"}],"wp:featuredmedia":[{"embeddable":true,"href":"http:\/\/dsrmedios.com.ar\/diario\/wp-json\/wp\/v2\/media\/5757"}],"wp:attachment":[{"href":"http:\/\/dsrmedios.com.ar\/diario\/wp-json\/wp\/v2\/media?parent=5756"}],"wp:term":[{"taxonomy":"category","embeddable":true,"href":"http:\/\/dsrmedios.com.ar\/diario\/wp-json\/wp\/v2\/categories?post=5756"},{"taxonomy":"post_tag","embeddable":true,"href":"http:\/\/dsrmedios.com.ar\/diario\/wp-json\/wp\/v2\/tags?post=5756"}],"curies":[{"name":"wp","href":"https:\/\/api.w.org\/{rel}","templated":true}]}}