{"id":5747,"date":"2018-05-08T08:35:47","date_gmt":"2018-05-08T11:35:47","guid":{"rendered":"http:\/\/dsrmedios.com.ar\/diario\/?p=5747"},"modified":"2018-05-08T08:35:47","modified_gmt":"2018-05-08T11:35:47","slug":"se-realizaran-marchas-en-contra-del-aumento-de-tarifas-en-todo-el-pais-este-miercoles","status":"publish","type":"post","link":"http:\/\/dsrmedios.com.ar\/diario\/archivos\/5747","title":{"rendered":"Se realizar\u00e1n marchas en contra del aumento de tarifas en todo el pa\u00eds este mi\u00e9rcoles"},"content":{"rendered":"<p>Unas cien multisectoriales se manifestar\u00e1n el mi\u00e9rcoles contra la suba de tarifas en diferentes ciudades del pa\u00eds y quienes llaman a protestar frente al Congreso prev\u00e9n que la concentraci\u00f3n ser\u00e1 &#8220;multitudinaria&#8221;.<\/p>\n<p>Con el hashtag #NoAlTarifazo, la Red Nacional de Multisectoriales est\u00e1 pidiendo a los usuarios que publiquen en las redes sociales sus facturas de gas, agua y electricidad y que asistan el mi\u00e9rcoles a las 18:00 a Rivadavia y Callao, la esquina del Congreso.<\/p>\n<p>Pablo Sercovich, integrante de la Red de Multisectoriales, dijo a NA que el objetivo de la marcha ser\u00e1 apoyar a todo el arco opositor que el mi\u00e9rcoles intentar\u00e1 &#8220;frenar la suba de tarifas&#8221; en una sesi\u00f3n especial en la C\u00e1mara de Diputados.<\/p>\n<p>&#8220;Habr\u00e1 manifestaciones en m\u00e1s de cien ciudades del pa\u00eds donde hay organizaciones multisectoriales.<br \/>\nEstamos realizando sinergias con organizaciones gremiales para que los trabajadores se sumen a esta protesta frente al Congreso, que prevemos ser\u00e1 multitudinaria&#8221;, dijo el dirigente social.<\/p>\n<p>Este movimiento multisectorial viene reclamando tambi\u00e9n a los Concejos Delibertantes de los 135 partidos bonaerenses para que declaren la Emergencia Tarifaria Social como ya lo hicieron los municipios de Lomas de Zamora, Almirante Brown y La Matanza.<\/p>\n<p>fuente:www.noticiasargentinas.com<\/p>\n","protected":false},"excerpt":{"rendered":"<div class=\"mh-excerpt\"><p>Unas cien multisectoriales se manifestar\u00e1n el mi\u00e9rcoles contra la suba de tarifas en diferentes ciudades del pa\u00eds y quienes llaman a protestar frente al Congreso prev\u00e9n que la concentraci\u00f3n ser\u00e1 &#8220;multitudinaria&#8221;. Con el hashtag #NoAlTarifazo, la Red Nacional de Multisectoriales est\u00e1 pidiendo a los usuarios que publiquen en las redes sociales sus facturas de gas, agua y electricidad y que asistan el mi\u00e9rcoles a las 18:00 a Rivadavia y Callao, la esquina del Congreso. Pablo Sercovich, integrante de la Red de Multisectoriales, dijo a NA que el objetivo de la marcha ser\u00e1 apoyar a todo el arco opositor que el <a class=\"mh-excerpt-more\" href=\"http:\/\/dsrmedios.com.ar\/diario\/archivos\/5747\" title=\"Se realizar\u00e1n marchas en contra del aumento de tarifas en todo el pa\u00eds este mi\u00e9rcoles\">[Leer m\u00e1s]<\/a><\/p>\n<\/div>","protected":false},"author":5,"featured_media":5748,"comment_status":"open","ping_status":"closed","sticky":false,"template":"","format":"standard","meta":{"_jetpack_newsletter_access":""},"categories":[6],"tags":[],"jetpack_featured_media_url":"http:\/\/dsrmedios.com.ar\/diario\/wp-content\/uploads\/2018\/05\/no-al-tarifazo.jpg","jetpack_sharing_enabled":true,"jetpack_shortlink":"https:\/\/wp.me\/p9fihK-1uH","_links":{"self":[{"href":"http:\/\/dsrmedios.com.ar\/diario\/wp-json\/wp\/v2\/posts\/5747"}],"collection":[{"href":"http:\/\/dsrmedios.com.ar\/diario\/wp-json\/wp\/v2\/posts"}],"about":[{"href":"http:\/\/dsrmedios.com.ar\/diario\/wp-json\/wp\/v2\/types\/post"}],"author":[{"embeddable":true,"href":"http:\/\/dsrmedios.com.ar\/diario\/wp-json\/wp\/v2\/users\/5"}],"replies":[{"embeddable":true,"href":"http:\/\/dsrmedios.com.ar\/diario\/wp-json\/wp\/v2\/comments?post=5747"}],"version-history":[{"count":1,"href":"http:\/\/dsrmedios.com.ar\/diario\/wp-json\/wp\/v2\/posts\/5747\/revisions"}],"predecessor-version":[{"id":5749,"href":"http:\/\/dsrmedios.com.ar\/diario\/wp-json\/wp\/v2\/posts\/5747\/revisions\/5749"}],"wp:featuredmedia":[{"embeddable":true,"href":"http:\/\/dsrmedios.com.ar\/diario\/wp-json\/wp\/v2\/media\/5748"}],"wp:attachment":[{"href":"http:\/\/dsrmedios.com.ar\/diario\/wp-json\/wp\/v2\/media?parent=5747"}],"wp:term":[{"taxonomy":"category","embeddable":true,"href":"http:\/\/dsrmedios.com.ar\/diario\/wp-json\/wp\/v2\/categories?post=5747"},{"taxonomy":"post_tag","embeddable":true,"href":"http:\/\/dsrmedios.com.ar\/diario\/wp-json\/wp\/v2\/tags?post=5747"}],"curies":[{"name":"wp","href":"https:\/\/api.w.org\/{rel}","templated":true}]}}