{"id":5740,"date":"2018-05-08T08:26:28","date_gmt":"2018-05-08T11:26:28","guid":{"rendered":"http:\/\/dsrmedios.com.ar\/diario\/?p=5740"},"modified":"2018-05-08T08:26:28","modified_gmt":"2018-05-08T11:26:28","slug":"diputados-de-la-oposicion-buscaran-aprobar-la-emergencia-tarifaria-en-nuestra-provincia","status":"publish","type":"post","link":"http:\/\/dsrmedios.com.ar\/diario\/archivos\/5740","title":{"rendered":"Diputados de la oposici\u00f3n buscar\u00e1n aprobar la emergencia tarifaria en nuestra provincia"},"content":{"rendered":"<p>Los bloques peronistas de la C\u00e1mara de Diputados buscar\u00e1n el mi\u00e9rcoles aprobar el proyecto de \u201cEmergencia tarifaria\u201d tras el fracaso de hace dos semanas, cuando no reunieron la mayor\u00eda especial requerida para tratarlo, pese al anticipo del gobierno sobre la posibilidad de vetar la iniciativa debido &#8220;al alto costo fiscal que implica&#8221;.<\/p>\n<p>El del mi\u00e9rcoles ser\u00e1 el tercer intento por abordar el proyecto que busca atenuar las tarifas de los servicios p\u00fablicos, luego de fracasar, hace tres semanas, en su intento por reunir qu\u00f3rum (le falt\u00f3 un diputado) y de no conseguir hace diez d\u00edas la mayor\u00eda de los dos tercios para aprobar los proyectos.<\/p>\n<p>En la sesi\u00f3n del mi\u00e9rcoles, no ser\u00e1 necesaria esa mayor\u00eda especial porque hace cuatro d\u00edas la oposici\u00f3n consigui\u00f3 el dictamen de la comisi\u00f3n de Presupuesto, que le habilit\u00f3 el tratamiento en el recinto con mayor\u00eda simple.<\/p>\n<p>La convocatoria opositora, solicitada para las 12 por el Frente Renovador, por Argentina Federal (Justicialismo) y por el Movimiento Evita, debe reunir primero el qu\u00f3rum de 129 diputados, objetivo que hab\u00edan superado sin dificultades en la sesi\u00f3n del 25 de abril.<\/p>\n<p>De contar con esos mismos diputados, la oposici\u00f3n no tendr\u00eda problemas para darle media sanci\u00f3n al proyecto, aunque est\u00e1n alertas por las declaraciones realizadas en los \u00faltimos d\u00edas por algunos gobernadores relativizando las facultades del Congreso para legislar sobre la pol\u00edtica tarifaria.<\/p>\n<p>fuente:www.aninoticias.com<\/p>\n","protected":false},"excerpt":{"rendered":"<div class=\"mh-excerpt\"><p>Los bloques peronistas de la C\u00e1mara de Diputados buscar\u00e1n el mi\u00e9rcoles aprobar el proyecto de \u201cEmergencia tarifaria\u201d tras el fracaso de hace dos semanas, cuando no reunieron la mayor\u00eda especial requerida para tratarlo, pese al anticipo del gobierno sobre la posibilidad de vetar la iniciativa debido &#8220;al alto costo fiscal que implica&#8221;. El del mi\u00e9rcoles ser\u00e1 el tercer intento por abordar el proyecto que busca atenuar las tarifas de los servicios p\u00fablicos, luego de fracasar, hace tres semanas, en su intento por reunir qu\u00f3rum (le falt\u00f3 un diputado) y de no conseguir hace diez d\u00edas la mayor\u00eda de los dos <a class=\"mh-excerpt-more\" href=\"http:\/\/dsrmedios.com.ar\/diario\/archivos\/5740\" title=\"Diputados de la oposici\u00f3n buscar\u00e1n aprobar la emergencia tarifaria en nuestra provincia\">[Leer m\u00e1s]<\/a><\/p>\n<\/div>","protected":false},"author":5,"featured_media":2808,"comment_status":"open","ping_status":"closed","sticky":false,"template":"","format":"standard","meta":{"_jetpack_newsletter_access":""},"categories":[18,7],"tags":[],"jetpack_featured_media_url":"http:\/\/dsrmedios.com.ar\/diario\/wp-content\/uploads\/2017\/12\/elecgas.jpg","jetpack_sharing_enabled":true,"jetpack_shortlink":"https:\/\/wp.me\/p9fihK-1uA","_links":{"self":[{"href":"http:\/\/dsrmedios.com.ar\/diario\/wp-json\/wp\/v2\/posts\/5740"}],"collection":[{"href":"http:\/\/dsrmedios.com.ar\/diario\/wp-json\/wp\/v2\/posts"}],"about":[{"href":"http:\/\/dsrmedios.com.ar\/diario\/wp-json\/wp\/v2\/types\/post"}],"author":[{"embeddable":true,"href":"http:\/\/dsrmedios.com.ar\/diario\/wp-json\/wp\/v2\/users\/5"}],"replies":[{"embeddable":true,"href":"http:\/\/dsrmedios.com.ar\/diario\/wp-json\/wp\/v2\/comments?post=5740"}],"version-history":[{"count":1,"href":"http:\/\/dsrmedios.com.ar\/diario\/wp-json\/wp\/v2\/posts\/5740\/revisions"}],"predecessor-version":[{"id":5741,"href":"http:\/\/dsrmedios.com.ar\/diario\/wp-json\/wp\/v2\/posts\/5740\/revisions\/5741"}],"wp:featuredmedia":[{"embeddable":true,"href":"http:\/\/dsrmedios.com.ar\/diario\/wp-json\/wp\/v2\/media\/2808"}],"wp:attachment":[{"href":"http:\/\/dsrmedios.com.ar\/diario\/wp-json\/wp\/v2\/media?parent=5740"}],"wp:term":[{"taxonomy":"category","embeddable":true,"href":"http:\/\/dsrmedios.com.ar\/diario\/wp-json\/wp\/v2\/categories?post=5740"},{"taxonomy":"post_tag","embeddable":true,"href":"http:\/\/dsrmedios.com.ar\/diario\/wp-json\/wp\/v2\/tags?post=5740"}],"curies":[{"name":"wp","href":"https:\/\/api.w.org\/{rel}","templated":true}]}}