{"id":5724,"date":"2018-05-07T08:04:35","date_gmt":"2018-05-07T11:04:35","guid":{"rendered":"http:\/\/dsrmedios.com.ar\/diario\/?p=5724"},"modified":"2018-05-07T08:04:35","modified_gmt":"2018-05-07T11:04:35","slug":"el-fiscal-de-la-causa-pidio-que-se-prohiba-salir-del-pais-al-ex-gobernador-scioli","status":"publish","type":"post","link":"http:\/\/dsrmedios.com.ar\/diario\/archivos\/5724","title":{"rendered":"El Fiscal de la causa pidi\u00f3 que se proh\u00edba salir del pa\u00eds al ex gobernador Scioli"},"content":{"rendered":"<p>El fiscal penal de La Plata Alvaro Garganta, pidi\u00f3 este viernes que se proh\u00edba salir del pa\u00eds al ex gobernador bonaerense Daniel Scioli y que se lo inhiba por 180 millones de pesos, en la causa en la que se lo investiga por irregularidades en la contrataci\u00f3n de obras p\u00fablicas para la construcci\u00f3n de las Unidades de Pronta Atenci\u00f3n (UPA), informaron fuentes judiciales.<\/p>\n<p>Garganta hab\u00eda citado a declaraci\u00f3n indagatoria al ex gobernador de la provincia de Buenos Aires para ayer por la adjudicaci\u00f3n supuestamente de manera irregular a un empresario cercano de $117 millones para la construcci\u00f3n de nueve centros UPA.<\/p>\n<p>El ex gobernador cumpli\u00f3 con el requerimiento judicial y present\u00f3 ayer un escrito en donde rechaz\u00f3 las acusaciones en su contra.<\/p>\n<p>Adem\u00e1s de Scioli, Garganta tambi\u00e9n cit\u00f3 a indagatoria -entre otros- al ex ministro de Salud bonaerense Alejandro Collia y al empresario Ricardo Miller, que le alquilaba y luego le compr\u00f3 una posada a metros de La \u00d1ata (la residencia ubicada en el Tigre) a pesar de que el lugar pr\u00e1cticamente no se utiliz\u00f3, seg\u00fan declar\u00f3 un empleado del lugar.<\/p>\n<p>fuente:www.aninoticias.com<\/p>\n","protected":false},"excerpt":{"rendered":"<div class=\"mh-excerpt\"><p>El fiscal penal de La Plata Alvaro Garganta, pidi\u00f3 este viernes que se proh\u00edba salir del pa\u00eds al ex gobernador bonaerense Daniel Scioli y que se lo inhiba por 180 millones de pesos, en la causa en la que se lo investiga por irregularidades en la contrataci\u00f3n de obras p\u00fablicas para la construcci\u00f3n de las Unidades de Pronta Atenci\u00f3n (UPA), informaron fuentes judiciales. Garganta hab\u00eda citado a declaraci\u00f3n indagatoria al ex gobernador de la provincia de Buenos Aires para ayer por la adjudicaci\u00f3n supuestamente de manera irregular a un empresario cercano de $117 millones para la construcci\u00f3n de nueve centros <a class=\"mh-excerpt-more\" href=\"http:\/\/dsrmedios.com.ar\/diario\/archivos\/5724\" title=\"El Fiscal de la causa pidi\u00f3 que se proh\u00edba salir del pa\u00eds al ex gobernador Scioli\">[Leer m\u00e1s]<\/a><\/p>\n<\/div>","protected":false},"author":5,"featured_media":5725,"comment_status":"open","ping_status":"closed","sticky":false,"template":"","format":"standard","meta":{"_jetpack_newsletter_access":""},"categories":[7],"tags":[],"jetpack_featured_media_url":"http:\/\/dsrmedios.com.ar\/diario\/wp-content\/uploads\/2018\/05\/scioli.jpg","jetpack_sharing_enabled":true,"jetpack_shortlink":"https:\/\/wp.me\/p9fihK-1uk","_links":{"self":[{"href":"http:\/\/dsrmedios.com.ar\/diario\/wp-json\/wp\/v2\/posts\/5724"}],"collection":[{"href":"http:\/\/dsrmedios.com.ar\/diario\/wp-json\/wp\/v2\/posts"}],"about":[{"href":"http:\/\/dsrmedios.com.ar\/diario\/wp-json\/wp\/v2\/types\/post"}],"author":[{"embeddable":true,"href":"http:\/\/dsrmedios.com.ar\/diario\/wp-json\/wp\/v2\/users\/5"}],"replies":[{"embeddable":true,"href":"http:\/\/dsrmedios.com.ar\/diario\/wp-json\/wp\/v2\/comments?post=5724"}],"version-history":[{"count":1,"href":"http:\/\/dsrmedios.com.ar\/diario\/wp-json\/wp\/v2\/posts\/5724\/revisions"}],"predecessor-version":[{"id":5726,"href":"http:\/\/dsrmedios.com.ar\/diario\/wp-json\/wp\/v2\/posts\/5724\/revisions\/5726"}],"wp:featuredmedia":[{"embeddable":true,"href":"http:\/\/dsrmedios.com.ar\/diario\/wp-json\/wp\/v2\/media\/5725"}],"wp:attachment":[{"href":"http:\/\/dsrmedios.com.ar\/diario\/wp-json\/wp\/v2\/media?parent=5724"}],"wp:term":[{"taxonomy":"category","embeddable":true,"href":"http:\/\/dsrmedios.com.ar\/diario\/wp-json\/wp\/v2\/categories?post=5724"},{"taxonomy":"post_tag","embeddable":true,"href":"http:\/\/dsrmedios.com.ar\/diario\/wp-json\/wp\/v2\/tags?post=5724"}],"curies":[{"name":"wp","href":"https:\/\/api.w.org\/{rel}","templated":true}]}}