{"id":5718,"date":"2018-05-07T08:01:39","date_gmt":"2018-05-07T11:01:39","guid":{"rendered":"http:\/\/dsrmedios.com.ar\/diario\/?p=5718"},"modified":"2018-05-07T08:01:39","modified_gmt":"2018-05-07T11:01:39","slug":"piden-que-se-reglamente-la-adhesion-a-la-ley-nacional-de-diabetes","status":"publish","type":"post","link":"http:\/\/dsrmedios.com.ar\/diario\/archivos\/5718","title":{"rendered":"Piden que se reglamente la adhesi\u00f3n a la Ley Nacional de Diabetes"},"content":{"rendered":"<p>El senador provincial Santiago Carreras (UC\u200b-\u200b FPV), reclam\u00f3 este viernes que el gobierno bonaerense reglamente la ley de adhesi\u00f3n a la normativa nacional aprobada en 2017 que declara el 14 de noviembre como D\u00eda de la Diabetes.<\/p>\n<p>\u201cEsa reglamentaci\u00f3n es un paso fundamental para que se cumpla con la cobertura en medicamentos y materiales de medici\u00f3n\u201d, advirti\u00f3 Carreras.<\/p>\n<p>Tras la aprobaci\u00f3n de la Ley que declara al 14 de noviembre como D\u00eda Provincial de la Diabetes en coincidencia con el d\u00eda internacional, el legislador de UC\u200b-\u200bFPV explic\u00f3 que adem\u00e1s de esta iniciativa \u201cimpulsamos un proyecto solicit\u00e1ndole al Ejecutivo la urgente reglamentaci\u00f3n de la ley de adhesi\u00f3n a la normativa nacional porque es un paso fundamental para que se cumpla con la cobertura en medicamentos y materiales de medici\u00f3n\u201d.<\/p>\n<p>\u201cEs necesario avanzar de una vez con el alcance total a nuestra ley nacional de Diabetes. En la Provincia aprobamos la adhesi\u00f3n pero a\u00fan no fue reglamentada y es una cuesti\u00f3n urgente\u201d, remarc\u00f3.<\/p>\n<p>fuente:www.aninoticias.comente<\/p>\n","protected":false},"excerpt":{"rendered":"<div class=\"mh-excerpt\"><p>El senador provincial Santiago Carreras (UC\u200b-\u200b FPV), reclam\u00f3 este viernes que el gobierno bonaerense reglamente la ley de adhesi\u00f3n a la normativa nacional aprobada en 2017 que declara el 14 de noviembre como D\u00eda de la Diabetes. \u201cEsa reglamentaci\u00f3n es un paso fundamental para que se cumpla con la cobertura en medicamentos y materiales de medici\u00f3n\u201d, advirti\u00f3 Carreras. Tras la aprobaci\u00f3n de la Ley que declara al 14 de noviembre como D\u00eda Provincial de la Diabetes en coincidencia con el d\u00eda internacional, el legislador de UC\u200b-\u200bFPV explic\u00f3 que adem\u00e1s de esta iniciativa \u201cimpulsamos un proyecto solicit\u00e1ndole al Ejecutivo la urgente <a class=\"mh-excerpt-more\" href=\"http:\/\/dsrmedios.com.ar\/diario\/archivos\/5718\" title=\"Piden que se reglamente la adhesi\u00f3n a la Ley Nacional de Diabetes\">[Leer m\u00e1s]<\/a><\/p>\n<\/div>","protected":false},"author":5,"featured_media":5719,"comment_status":"open","ping_status":"closed","sticky":false,"template":"","format":"standard","meta":{"_jetpack_newsletter_access":""},"categories":[18,6],"tags":[],"jetpack_featured_media_url":"http:\/\/dsrmedios.com.ar\/diario\/wp-content\/uploads\/2018\/05\/legislaturalp.jpg","jetpack_sharing_enabled":true,"jetpack_shortlink":"https:\/\/wp.me\/p9fihK-1ue","_links":{"self":[{"href":"http:\/\/dsrmedios.com.ar\/diario\/wp-json\/wp\/v2\/posts\/5718"}],"collection":[{"href":"http:\/\/dsrmedios.com.ar\/diario\/wp-json\/wp\/v2\/posts"}],"about":[{"href":"http:\/\/dsrmedios.com.ar\/diario\/wp-json\/wp\/v2\/types\/post"}],"author":[{"embeddable":true,"href":"http:\/\/dsrmedios.com.ar\/diario\/wp-json\/wp\/v2\/users\/5"}],"replies":[{"embeddable":true,"href":"http:\/\/dsrmedios.com.ar\/diario\/wp-json\/wp\/v2\/comments?post=5718"}],"version-history":[{"count":1,"href":"http:\/\/dsrmedios.com.ar\/diario\/wp-json\/wp\/v2\/posts\/5718\/revisions"}],"predecessor-version":[{"id":5720,"href":"http:\/\/dsrmedios.com.ar\/diario\/wp-json\/wp\/v2\/posts\/5718\/revisions\/5720"}],"wp:featuredmedia":[{"embeddable":true,"href":"http:\/\/dsrmedios.com.ar\/diario\/wp-json\/wp\/v2\/media\/5719"}],"wp:attachment":[{"href":"http:\/\/dsrmedios.com.ar\/diario\/wp-json\/wp\/v2\/media?parent=5718"}],"wp:term":[{"taxonomy":"category","embeddable":true,"href":"http:\/\/dsrmedios.com.ar\/diario\/wp-json\/wp\/v2\/categories?post=5718"},{"taxonomy":"post_tag","embeddable":true,"href":"http:\/\/dsrmedios.com.ar\/diario\/wp-json\/wp\/v2\/tags?post=5718"}],"curies":[{"name":"wp","href":"https:\/\/api.w.org\/{rel}","templated":true}]}}