{"id":5711,"date":"2018-05-04T08:41:29","date_gmt":"2018-05-04T11:41:29","guid":{"rendered":"http:\/\/dsrmedios.com.ar\/diario\/?p=5711"},"modified":"2018-05-04T08:41:29","modified_gmt":"2018-05-04T11:41:29","slug":"el-camino-de-la-crisis","status":"publish","type":"post","link":"http:\/\/dsrmedios.com.ar\/diario\/archivos\/5711","title":{"rendered":"El camino de la crisis"},"content":{"rendered":"<p>En las \u00faltimas horas, el Foro de Convergencia Empresarial pidi\u00f3 fijar tarifas de manera &#8220;responsable y compartida&#8221;, sin &#8220;apelar a recursos demag\u00f3gicos&#8221; que har\u00edan retrotraer &#8220;el camino iniciado&#8221;. Sin embargo, a las Pymes argentinas, el \u201ccamino iniciado\u201d nos sigue llevando a un innegable efecto destructivo por el incremento desmedido e injustificado de las tarifas.<\/p>\n<p>Siempre que se postulan posiciones a favor de los sectores trabajadores o Pymes, el capital concentrado ve el germen de la demagogia o el populismo. En verdad, los proyectos que buscan frenar los tarifazos son un dique de contenci\u00f3n a esta pol\u00edtica econ\u00f3mica de Cambiemos que est\u00e1 arrasando con la industria nacional y con el consumo popular.<\/p>\n<p>Para las peque\u00f1as y medianas empresas, el costo de los servicios pas\u00f3 de representar entre un 5 y un 7 por ciento del ciclo productivo a niveles que llegan a m\u00e1s de un 30 por ciento.<\/p>\n<p>Ya nadie puede desconocer que las tarifas dejaron de ser un rasgo de competitividad para pasar a ser un problema de competitividad.<\/p>\n<p>Este efecto se combina adem\u00e1s con la destrucci\u00f3n del mercado interno promovido, entre otros males, por el pago del fuerte incremento de los servicios que los trabajadores deben destinar de sus salarios y que antes se volcaban al consumo local.<\/p>\n<p>En datos concretos, el a\u00f1o pasado hubo 250 mil embargos a pymes, seg\u00fan datos oficiales. O sea, 1.000 embargos por d\u00eda h\u00e1bil de 2017. El \u201ccamino iniciado\u201d nos est\u00e1 costando la vida de nuestras Pymes, literalmente.<\/p>\n<p>En este sentido, el capital concentrado en la Argentina tiene una hist\u00f3rica posici\u00f3n ventajosa: pagan proporcionalmente menos impuestos que las Pymes, acceden a cr\u00e9dito barato y manejan monop\u00f3licamente los precios internos. Si para ellos el tarifazo es un \u201cesfuerzo\u201d necesario, entonces nosotros reclamamos que comience a hacer esfuerzos necesarios el capital concentrado, aumentando el peso impositivo sobre ellos, en pos de beneficiar a los peque\u00f1os y medianos empresarios.<\/p>\n<p>Esta perspectiva permitir\u00eda generar un c\u00edrculo virtuoso a los Pymes, que somos los responsables del 80% de la mano de obra del pa\u00eds, y no un espiral que se va cerrando sobre s\u00ed mismo, cada vez con m\u00e1s intensidad, como en el que nos encontramos inmersos.<\/p>\n<p><strong>El \u201ccamino indicado\u201d por las grandes empresas se pavimenta con la destrucci\u00f3n de las pymes y los trabajadores. Nosotros decimos claramente que elegimos el camino de la Producci\u00f3n Nacional y el Trabajo Argentino. Es el camino que nos llevar\u00e1, m\u00e1s temprano que tarde, a un pa\u00eds justo, libre y soberano.<\/strong><\/p>\n<p>ASOCIACION MUTUAL PYME DE LA ARGENTINA<\/p>\n","protected":false},"excerpt":{"rendered":"<div class=\"mh-excerpt\"><p>En las \u00faltimas horas, el Foro de Convergencia Empresarial pidi\u00f3 fijar tarifas de manera &#8220;responsable y compartida&#8221;, sin &#8220;apelar a recursos demag\u00f3gicos&#8221; que har\u00edan retrotraer &#8220;el camino iniciado&#8221;. Sin embargo, a las Pymes argentinas, el \u201ccamino iniciado\u201d nos sigue llevando a un innegable efecto destructivo por el incremento desmedido e injustificado de las tarifas. Siempre que se postulan posiciones a favor de los sectores trabajadores o Pymes, el capital concentrado ve el germen de la demagogia o el populismo. En verdad, los proyectos que buscan frenar los tarifazos son un dique de contenci\u00f3n a esta pol\u00edtica econ\u00f3mica de Cambiemos que <a class=\"mh-excerpt-more\" href=\"http:\/\/dsrmedios.com.ar\/diario\/archivos\/5711\" title=\"El camino de la crisis\">[Leer m\u00e1s]<\/a><\/p>\n<\/div>","protected":false},"author":5,"featured_media":5712,"comment_status":"open","ping_status":"closed","sticky":false,"template":"","format":"standard","meta":{"_jetpack_newsletter_access":""},"categories":[18,22],"tags":[],"jetpack_featured_media_url":"http:\/\/dsrmedios.com.ar\/diario\/wp-content\/uploads\/2018\/05\/crisis.jpg","jetpack_sharing_enabled":true,"jetpack_shortlink":"https:\/\/wp.me\/p9fihK-1u7","_links":{"self":[{"href":"http:\/\/dsrmedios.com.ar\/diario\/wp-json\/wp\/v2\/posts\/5711"}],"collection":[{"href":"http:\/\/dsrmedios.com.ar\/diario\/wp-json\/wp\/v2\/posts"}],"about":[{"href":"http:\/\/dsrmedios.com.ar\/diario\/wp-json\/wp\/v2\/types\/post"}],"author":[{"embeddable":true,"href":"http:\/\/dsrmedios.com.ar\/diario\/wp-json\/wp\/v2\/users\/5"}],"replies":[{"embeddable":true,"href":"http:\/\/dsrmedios.com.ar\/diario\/wp-json\/wp\/v2\/comments?post=5711"}],"version-history":[{"count":1,"href":"http:\/\/dsrmedios.com.ar\/diario\/wp-json\/wp\/v2\/posts\/5711\/revisions"}],"predecessor-version":[{"id":5713,"href":"http:\/\/dsrmedios.com.ar\/diario\/wp-json\/wp\/v2\/posts\/5711\/revisions\/5713"}],"wp:featuredmedia":[{"embeddable":true,"href":"http:\/\/dsrmedios.com.ar\/diario\/wp-json\/wp\/v2\/media\/5712"}],"wp:attachment":[{"href":"http:\/\/dsrmedios.com.ar\/diario\/wp-json\/wp\/v2\/media?parent=5711"}],"wp:term":[{"taxonomy":"category","embeddable":true,"href":"http:\/\/dsrmedios.com.ar\/diario\/wp-json\/wp\/v2\/categories?post=5711"},{"taxonomy":"post_tag","embeddable":true,"href":"http:\/\/dsrmedios.com.ar\/diario\/wp-json\/wp\/v2\/tags?post=5711"}],"curies":[{"name":"wp","href":"https:\/\/api.w.org\/{rel}","templated":true}]}}