{"id":5708,"date":"2018-05-04T08:37:56","date_gmt":"2018-05-04T11:37:56","guid":{"rendered":"http:\/\/dsrmedios.com.ar\/diario\/?p=5708"},"modified":"2018-05-04T08:37:56","modified_gmt":"2018-05-04T11:37:56","slug":"el-temporal-hizo-estragos-en-diferentes-distritos-de-la-provincia-de-buenos-aires","status":"publish","type":"post","link":"http:\/\/dsrmedios.com.ar\/diario\/archivos\/5708","title":{"rendered":"El temporal hizo estragos en diferentes distritos de la provincia de Buenos Aires"},"content":{"rendered":"<p>Luego del temporal de lluvia y viento que se desat\u00f3 durante el fin de semana, todav\u00eda unas 1.200 personas contin\u00faan evacuadas en seis distritos de la provincia de Buenos Aires, seg\u00fan informaron fuentes municipales y provinciales.<\/p>\n<p>El temporal que provoc\u00f3 la muerte de un hombre y su hijo en el partido de Tres de Febrero y que destruy\u00f3 varias viviendas, tiene a 527 personas evacuadas en la Matanza y alrededor de 400 en Merlo, dos de los distritos m\u00e1s afectados por el agua. Adem\u00e1s, se inform\u00f3 que permanecen afectadas las localidades de Mercedes (con 25 evacuados), Luj\u00e1n (90), Pilar (121) y Ramallo (50).<\/p>\n<p>En Merlo, los afectados permanecen en cinco centros de evacuaci\u00f3n hasta tanto puedan volver a sus casas. Sin embargo, muchas de ellas quedaron destruidas tras el fuerte temporal, lo que llevar\u00e1 semanas de trabajo.<\/p>\n<p>Por su parte, desde el ministerio de Desarrollo Social de la provincia informaron que, entre domingo y lunes, a los municipios afectados por la lluvia se le entregaron 10 mil kilos de alimentos; 7 mil litros de agua; 4.150 art\u00edculos para dormir, reparar techos y limpieza.<\/p>\n<p>fuente:www.aninoticias.com<\/p>\n","protected":false},"excerpt":{"rendered":"<div class=\"mh-excerpt\"><p>Luego del temporal de lluvia y viento que se desat\u00f3 durante el fin de semana, todav\u00eda unas 1.200 personas contin\u00faan evacuadas en seis distritos de la provincia de Buenos Aires, seg\u00fan informaron fuentes municipales y provinciales. El temporal que provoc\u00f3 la muerte de un hombre y su hijo en el partido de Tres de Febrero y que destruy\u00f3 varias viviendas, tiene a 527 personas evacuadas en la Matanza y alrededor de 400 en Merlo, dos de los distritos m\u00e1s afectados por el agua. Adem\u00e1s, se inform\u00f3 que permanecen afectadas las localidades de Mercedes (con 25 evacuados), Luj\u00e1n (90), Pilar (121) <a class=\"mh-excerpt-more\" href=\"http:\/\/dsrmedios.com.ar\/diario\/archivos\/5708\" title=\"El temporal hizo estragos en diferentes distritos de la provincia de Buenos Aires\">[Leer m\u00e1s]<\/a><\/p>\n<\/div>","protected":false},"author":5,"featured_media":5709,"comment_status":"open","ping_status":"closed","sticky":false,"template":"","format":"standard","meta":{"_jetpack_newsletter_access":""},"categories":[18,31],"tags":[],"jetpack_featured_media_url":"http:\/\/dsrmedios.com.ar\/diario\/wp-content\/uploads\/2018\/05\/evacuadod.jpg","jetpack_sharing_enabled":true,"jetpack_shortlink":"https:\/\/wp.me\/p9fihK-1u4","_links":{"self":[{"href":"http:\/\/dsrmedios.com.ar\/diario\/wp-json\/wp\/v2\/posts\/5708"}],"collection":[{"href":"http:\/\/dsrmedios.com.ar\/diario\/wp-json\/wp\/v2\/posts"}],"about":[{"href":"http:\/\/dsrmedios.com.ar\/diario\/wp-json\/wp\/v2\/types\/post"}],"author":[{"embeddable":true,"href":"http:\/\/dsrmedios.com.ar\/diario\/wp-json\/wp\/v2\/users\/5"}],"replies":[{"embeddable":true,"href":"http:\/\/dsrmedios.com.ar\/diario\/wp-json\/wp\/v2\/comments?post=5708"}],"version-history":[{"count":1,"href":"http:\/\/dsrmedios.com.ar\/diario\/wp-json\/wp\/v2\/posts\/5708\/revisions"}],"predecessor-version":[{"id":5710,"href":"http:\/\/dsrmedios.com.ar\/diario\/wp-json\/wp\/v2\/posts\/5708\/revisions\/5710"}],"wp:featuredmedia":[{"embeddable":true,"href":"http:\/\/dsrmedios.com.ar\/diario\/wp-json\/wp\/v2\/media\/5709"}],"wp:attachment":[{"href":"http:\/\/dsrmedios.com.ar\/diario\/wp-json\/wp\/v2\/media?parent=5708"}],"wp:term":[{"taxonomy":"category","embeddable":true,"href":"http:\/\/dsrmedios.com.ar\/diario\/wp-json\/wp\/v2\/categories?post=5708"},{"taxonomy":"post_tag","embeddable":true,"href":"http:\/\/dsrmedios.com.ar\/diario\/wp-json\/wp\/v2\/tags?post=5708"}],"curies":[{"name":"wp","href":"https:\/\/api.w.org\/{rel}","templated":true}]}}