{"id":5698,"date":"2018-05-02T09:03:32","date_gmt":"2018-05-02T12:03:32","guid":{"rendered":"http:\/\/dsrmedios.com.ar\/diario\/?p=5698"},"modified":"2018-05-02T09:03:32","modified_gmt":"2018-05-02T12:03:32","slug":"hasta-el-15-de-mayo-estara-abierta-el-la-inscipcion-de-mayores-contribuyentes","status":"publish","type":"post","link":"http:\/\/dsrmedios.com.ar\/diario\/archivos\/5698","title":{"rendered":"Hasta el 15 de mayo estar\u00e1 abierta el la inscipci\u00f3n de Mayores Contribuyentes"},"content":{"rendered":"<p>Durante la primera quincena de mayo se encontrar\u00e1 abierto el Registro de Mayores Contribuyentes del Partido de Adolfo Alsina.<br \/>\nLos contribuyentes interesados en inscribirse deber\u00e1n reunir y cumplimentar los requisitos exigidos para tal fin en el art\u00edculo 93\u00ba y subsiguientes de la Ley Organica Municipal.<br \/>\nEl plazo de inscripci\u00f3n ser\u00e1 del 1 al 15 de mayo inclusive.<\/p>\n","protected":false},"excerpt":{"rendered":"<div class=\"mh-excerpt\"><p>Durante la primera quincena de mayo se encontrar\u00e1 abierto el Registro de Mayores Contribuyentes del Partido de Adolfo Alsina. Los contribuyentes interesados en inscribirse deber\u00e1n reunir y cumplimentar los requisitos exigidos para tal fin en el art\u00edculo 93\u00ba y subsiguientes de la Ley Organica Municipal. El plazo de inscripci\u00f3n ser\u00e1 del 1 al 15 de mayo inclusive.<\/p>\n<\/div>","protected":false},"author":5,"featured_media":5699,"comment_status":"open","ping_status":"closed","sticky":false,"template":"","format":"standard","meta":{"_jetpack_newsletter_access":""},"categories":[31],"tags":[],"jetpack_featured_media_url":"http:\/\/dsrmedios.com.ar\/diario\/wp-content\/uploads\/2018\/05\/RECINTO-DEL-HC.jpg","jetpack_sharing_enabled":true,"jetpack_shortlink":"https:\/\/wp.me\/p9fihK-1tU","_links":{"self":[{"href":"http:\/\/dsrmedios.com.ar\/diario\/wp-json\/wp\/v2\/posts\/5698"}],"collection":[{"href":"http:\/\/dsrmedios.com.ar\/diario\/wp-json\/wp\/v2\/posts"}],"about":[{"href":"http:\/\/dsrmedios.com.ar\/diario\/wp-json\/wp\/v2\/types\/post"}],"author":[{"embeddable":true,"href":"http:\/\/dsrmedios.com.ar\/diario\/wp-json\/wp\/v2\/users\/5"}],"replies":[{"embeddable":true,"href":"http:\/\/dsrmedios.com.ar\/diario\/wp-json\/wp\/v2\/comments?post=5698"}],"version-history":[{"count":1,"href":"http:\/\/dsrmedios.com.ar\/diario\/wp-json\/wp\/v2\/posts\/5698\/revisions"}],"predecessor-version":[{"id":5700,"href":"http:\/\/dsrmedios.com.ar\/diario\/wp-json\/wp\/v2\/posts\/5698\/revisions\/5700"}],"wp:featuredmedia":[{"embeddable":true,"href":"http:\/\/dsrmedios.com.ar\/diario\/wp-json\/wp\/v2\/media\/5699"}],"wp:attachment":[{"href":"http:\/\/dsrmedios.com.ar\/diario\/wp-json\/wp\/v2\/media?parent=5698"}],"wp:term":[{"taxonomy":"category","embeddable":true,"href":"http:\/\/dsrmedios.com.ar\/diario\/wp-json\/wp\/v2\/categories?post=5698"},{"taxonomy":"post_tag","embeddable":true,"href":"http:\/\/dsrmedios.com.ar\/diario\/wp-json\/wp\/v2\/tags?post=5698"}],"curies":[{"name":"wp","href":"https:\/\/api.w.org\/{rel}","templated":true}]}}