{"id":5695,"date":"2018-05-02T09:01:27","date_gmt":"2018-05-02T12:01:27","guid":{"rendered":"http:\/\/dsrmedios.com.ar\/diario\/?p=5695"},"modified":"2018-05-02T09:01:27","modified_gmt":"2018-05-02T12:01:27","slug":"el-intendente-hirtz-firmo-un-convenio-para-capacitacion-en-turismo","status":"publish","type":"post","link":"http:\/\/dsrmedios.com.ar\/diario\/archivos\/5695","title":{"rendered":"El Intendente Hirtz firm\u00f3 un convenio para capacitaci\u00f3n en turismo"},"content":{"rendered":"<p>El Intendente David Hirtz firm\u00f3 un convenio con Hern\u00e1n Vigier, Rector de la Universidad Provincial del Sudoeste (UPSO) para \u00a0la realizaci\u00f3n de un Programa de Capacitaci\u00f3n Profesional &#8220;Fortalecimiento en \u00a0Oficios para el Turismo&#8221; .<br \/>\nLa capacitaci\u00f3n tiene una duraci\u00f3n de tres encuentros y trabajar\u00e1 en los siguientes m\u00f3dulos: Camareros y Mozos, Barman y Atenci\u00f3n al P\u00fablico.<br \/>\nLa capacitaci\u00f3n es gratuita e inicia el 21 de mayo a las 14:30hs y se dictar\u00e1 en el Hotel Epecu\u00e9n ( Roque Saenz Pe\u00f1a n\u00ba880).<br \/>\nEst\u00e1 dirigida a prestadores de servicios tur\u00edsticos y gastron\u00f3micos y \u00a0a la comunidad en general.<br \/>\nLas inscripciones se realizan personalmente en la Casa de la Cultura \u00a0u Oficina de Turismo<br \/>\no a trav\u00e9s del sitio \u00a0web www.upso.edu.ar\/pcpcarhue<\/p>\n","protected":false},"excerpt":{"rendered":"<div class=\"mh-excerpt\"><p>El Intendente David Hirtz firm\u00f3 un convenio con Hern\u00e1n Vigier, Rector de la Universidad Provincial del Sudoeste (UPSO) para \u00a0la realizaci\u00f3n de un Programa de Capacitaci\u00f3n Profesional &#8220;Fortalecimiento en \u00a0Oficios para el Turismo&#8221; . La capacitaci\u00f3n tiene una duraci\u00f3n de tres encuentros y trabajar\u00e1 en los siguientes m\u00f3dulos: Camareros y Mozos, Barman y Atenci\u00f3n al P\u00fablico. La capacitaci\u00f3n es gratuita e inicia el 21 de mayo a las 14:30hs y se dictar\u00e1 en el Hotel Epecu\u00e9n ( Roque Saenz Pe\u00f1a n\u00ba880). Est\u00e1 dirigida a prestadores de servicios tur\u00edsticos y gastron\u00f3micos y \u00a0a la comunidad en general. Las inscripciones se realizan <a class=\"mh-excerpt-more\" href=\"http:\/\/dsrmedios.com.ar\/diario\/archivos\/5695\" title=\"El Intendente Hirtz firm\u00f3 un convenio para capacitaci\u00f3n en turismo\">[Leer m\u00e1s]<\/a><\/p>\n<\/div>","protected":false},"author":5,"featured_media":5696,"comment_status":"open","ping_status":"closed","sticky":false,"template":"","format":"standard","meta":{"_jetpack_newsletter_access":""},"categories":[18,31],"tags":[],"jetpack_featured_media_url":"http:\/\/dsrmedios.com.ar\/diario\/wp-content\/uploads\/2018\/05\/conveniooo.jpg","jetpack_sharing_enabled":true,"jetpack_shortlink":"https:\/\/wp.me\/p9fihK-1tR","_links":{"self":[{"href":"http:\/\/dsrmedios.com.ar\/diario\/wp-json\/wp\/v2\/posts\/5695"}],"collection":[{"href":"http:\/\/dsrmedios.com.ar\/diario\/wp-json\/wp\/v2\/posts"}],"about":[{"href":"http:\/\/dsrmedios.com.ar\/diario\/wp-json\/wp\/v2\/types\/post"}],"author":[{"embeddable":true,"href":"http:\/\/dsrmedios.com.ar\/diario\/wp-json\/wp\/v2\/users\/5"}],"replies":[{"embeddable":true,"href":"http:\/\/dsrmedios.com.ar\/diario\/wp-json\/wp\/v2\/comments?post=5695"}],"version-history":[{"count":1,"href":"http:\/\/dsrmedios.com.ar\/diario\/wp-json\/wp\/v2\/posts\/5695\/revisions"}],"predecessor-version":[{"id":5697,"href":"http:\/\/dsrmedios.com.ar\/diario\/wp-json\/wp\/v2\/posts\/5695\/revisions\/5697"}],"wp:featuredmedia":[{"embeddable":true,"href":"http:\/\/dsrmedios.com.ar\/diario\/wp-json\/wp\/v2\/media\/5696"}],"wp:attachment":[{"href":"http:\/\/dsrmedios.com.ar\/diario\/wp-json\/wp\/v2\/media?parent=5695"}],"wp:term":[{"taxonomy":"category","embeddable":true,"href":"http:\/\/dsrmedios.com.ar\/diario\/wp-json\/wp\/v2\/categories?post=5695"},{"taxonomy":"post_tag","embeddable":true,"href":"http:\/\/dsrmedios.com.ar\/diario\/wp-json\/wp\/v2\/tags?post=5695"}],"curies":[{"name":"wp","href":"https:\/\/api.w.org\/{rel}","templated":true}]}}