{"id":5687,"date":"2018-05-02T08:50:27","date_gmt":"2018-05-02T11:50:27","guid":{"rendered":"http:\/\/dsrmedios.com.ar\/diario\/?p=5687"},"modified":"2018-05-02T08:50:27","modified_gmt":"2018-05-02T11:50:27","slug":"vidal-firmo-el-decreto-para-reducir-impuestos-provinciales-de-las-tarifas-de-servicios","status":"publish","type":"post","link":"http:\/\/dsrmedios.com.ar\/diario\/archivos\/5687","title":{"rendered":"Vidal firm\u00f3 el decreto para reducir impuestos provinciales de las tarifas de servicios"},"content":{"rendered":"<p>La gobernadora Mar\u00eda Eugenia Vidal oficializ\u00f3 este viernes su decisi\u00f3n de reducir a cero las al\u00edcuotas de los impuestos provinciales que se aplican a las tarifas de luz.<\/p>\n<p>En los considerandos del decreto 351\/18, publicado en el Bolet\u00edn Oficial bonaerense, se indica que el r\u00e9gimen establecido por el Decreto Ley 7.290\/67 y sus Leyes modificatorias, gravaba con destino al \u201cFondo Especial de Desarrollo El\u00e9ctrico de la Provincia de Buenos Aires\u201d, los consumos de electricidad en territorio provincial con al\u00edcuotas del 10 por ciento para usuarios residenciales y del 20 por ciento para los usuarios industriales y comerciales\u201d.<\/p>\n<p>Por su parte, el r\u00e9gimen establecido por el Decreto Ley 9.038\/78 y sus Leyes modificatorias, gravaba dichos consumos con una al\u00edcuota del 5,5 por ciento, sin distinci\u00f3n de categor\u00edas, con destino al \u201cFondo Especial de Grandes Obras El\u00e9ctricas Provinciales.<\/p>\n<p>Ahora, el Poder Ejecutivo Provincial inici\u00f3 un proceso de reducci\u00f3n de la carga impositiva de estos tributos a los sectores productivos del comercio, la industria y residenciales, por lo que se redujo a cero la al\u00edcuota de los impuestos provinciales que se aplican a las tarifas de luz.<\/p>\n<p>Son cuatro las distribuidoras de energ\u00eda el\u00e9ctrica que est\u00e1n bajo jurisdicci\u00f3n del gobierno bonaerense -Edelap, Eden, Edea y Edes- y unas 200 cooperativas distribuidas en todo el interior provincial.<\/p>\n<p>Edelap sirve a m\u00e1s de un mill\u00f3n de habitantes en un \u00e1rea de concesi\u00f3n de 5.700 kil\u00f3metros cuadrados, que abarca a seis partidos de la provincia de Buenos Aires: La Plata, Berisso, Ensenada, Brandsen, Magdalena y Punta Indio.<\/p>\n<p>EDEN distribuye y comercializa m\u00e1s de 2.650 GWh de energ\u00eda el\u00e9ctrica al a\u00f1o, mediante 17.780 kil\u00f3metros de l\u00edneas de media y baja tensi\u00f3n en un \u00e1rea de aproximadamente 109.141 kil\u00f3metros cuadrados, que abarca el norte y centro de la provincia de Buenos Aires y llega a 334.000 usuarios en el norte y oeste de la Provincia de Buenos Aires.<\/p>\n<p>Por su parte, Edea tiene una concesi\u00f3n que abarca aproximadamente 105.438 kil\u00f3metros cuadrados y tiene una poblaci\u00f3n estimada de m\u00e1s de 1,5 millones de personas, y se encuentra ubicada en las principales ciudades balnearias del pa\u00eds, y otras poblaciones de la costa atl\u00e1ntica.<\/p>\n<p>En tanto, Edes comercializa y distribuye electricidad en un \u00e1rea de m\u00e1s de 76.500 kil\u00f3metros cuadrados y llega a casi 170.000 hogares, comercios, escuelas, hospitales e industrias del sur bonaerense.<\/p>\n","protected":false},"excerpt":{"rendered":"<div class=\"mh-excerpt\"><p>La gobernadora Mar\u00eda Eugenia Vidal oficializ\u00f3 este viernes su decisi\u00f3n de reducir a cero las al\u00edcuotas de los impuestos provinciales que se aplican a las tarifas de luz. En los considerandos del decreto 351\/18, publicado en el Bolet\u00edn Oficial bonaerense, se indica que el r\u00e9gimen establecido por el Decreto Ley 7.290\/67 y sus Leyes modificatorias, gravaba con destino al \u201cFondo Especial de Desarrollo El\u00e9ctrico de la Provincia de Buenos Aires\u201d, los consumos de electricidad en territorio provincial con al\u00edcuotas del 10 por ciento para usuarios residenciales y del 20 por ciento para los usuarios industriales y comerciales\u201d. Por su parte, <a class=\"mh-excerpt-more\" href=\"http:\/\/dsrmedios.com.ar\/diario\/archivos\/5687\" title=\"Vidal firm\u00f3 el decreto para reducir impuestos provinciales de las tarifas de servicios\">[Leer m\u00e1s]<\/a><\/p>\n<\/div>","protected":false},"author":5,"featured_media":3672,"comment_status":"open","ping_status":"closed","sticky":false,"template":"","format":"standard","meta":{"_jetpack_newsletter_access":""},"categories":[18,7],"tags":[],"jetpack_featured_media_url":"http:\/\/dsrmedios.com.ar\/diario\/wp-content\/uploads\/2018\/01\/vidal.jpg","jetpack_sharing_enabled":true,"jetpack_shortlink":"https:\/\/wp.me\/p9fihK-1tJ","_links":{"self":[{"href":"http:\/\/dsrmedios.com.ar\/diario\/wp-json\/wp\/v2\/posts\/5687"}],"collection":[{"href":"http:\/\/dsrmedios.com.ar\/diario\/wp-json\/wp\/v2\/posts"}],"about":[{"href":"http:\/\/dsrmedios.com.ar\/diario\/wp-json\/wp\/v2\/types\/post"}],"author":[{"embeddable":true,"href":"http:\/\/dsrmedios.com.ar\/diario\/wp-json\/wp\/v2\/users\/5"}],"replies":[{"embeddable":true,"href":"http:\/\/dsrmedios.com.ar\/diario\/wp-json\/wp\/v2\/comments?post=5687"}],"version-history":[{"count":1,"href":"http:\/\/dsrmedios.com.ar\/diario\/wp-json\/wp\/v2\/posts\/5687\/revisions"}],"predecessor-version":[{"id":5688,"href":"http:\/\/dsrmedios.com.ar\/diario\/wp-json\/wp\/v2\/posts\/5687\/revisions\/5688"}],"wp:featuredmedia":[{"embeddable":true,"href":"http:\/\/dsrmedios.com.ar\/diario\/wp-json\/wp\/v2\/media\/3672"}],"wp:attachment":[{"href":"http:\/\/dsrmedios.com.ar\/diario\/wp-json\/wp\/v2\/media?parent=5687"}],"wp:term":[{"taxonomy":"category","embeddable":true,"href":"http:\/\/dsrmedios.com.ar\/diario\/wp-json\/wp\/v2\/categories?post=5687"},{"taxonomy":"post_tag","embeddable":true,"href":"http:\/\/dsrmedios.com.ar\/diario\/wp-json\/wp\/v2\/tags?post=5687"}],"curies":[{"name":"wp","href":"https:\/\/api.w.org\/{rel}","templated":true}]}}