{"id":5684,"date":"2018-05-02T08:49:23","date_gmt":"2018-05-02T11:49:23","guid":{"rendered":"http:\/\/dsrmedios.com.ar\/diario\/?p=5684"},"modified":"2018-05-02T08:53:09","modified_gmt":"2018-05-02T11:53:09","slug":"los-docentes-van-a-la-plata-para-solicitar-una-reunion-urgente-con-maria-eugenia-vidal","status":"publish","type":"post","link":"http:\/\/dsrmedios.com.ar\/diario\/archivos\/5684","title":{"rendered":"Los Docentes van a La Plata para solicitar una reuni\u00f3n urgente con Mar\u00eda Eugenia Vidal"},"content":{"rendered":"<p>Gremios docentes entregar\u00e1n este mi\u00e9rcoles a la gobernadora Mar\u00eda Eugenia Vidal un pedido de reuni\u00f3n &#8220;urgente&#8221; para abordar la &#8220;agenda educativa&#8221;, en el marco del extenso conflicto salarial que mantienen con el Ejecutivo.<\/p>\n<p>La movida ser\u00e1 realizada por el Frente de Unidad Docente bonaerenses (FUDB) integrado por Suteba, FEB, Udocba, Amet y Sadop. Los m\u00e1ximos responsables de los gremios se movilizar\u00e1n hacia Gobernaci\u00f3n y a las 11 ingresar\u00e1n un pedido formal de audiencia, con una carta dirigida a la gobernadora.<\/p>\n<p>El Gobierno y el FUDB mantienen un extenso conflicto salarial, que no lleg\u00f3 a buen puerto tras seis reuniones paritarias en las que el Ejecutivo explor\u00f3 diferentes ofertas. Sin embargo, siempre se mantuvo en el tope del 15% de aumento, hasta que la \u00faltima oferta fue del 10% pero para el primer semestre.<\/p>\n","protected":false},"excerpt":{"rendered":"<div class=\"mh-excerpt\"><p>Gremios docentes entregar\u00e1n este mi\u00e9rcoles a la gobernadora Mar\u00eda Eugenia Vidal un pedido de reuni\u00f3n &#8220;urgente&#8221; para abordar la &#8220;agenda educativa&#8221;, en el marco del extenso conflicto salarial que mantienen con el Ejecutivo. La movida ser\u00e1 realizada por el Frente de Unidad Docente bonaerenses (FUDB) integrado por Suteba, FEB, Udocba, Amet y Sadop. Los m\u00e1ximos responsables de los gremios se movilizar\u00e1n hacia Gobernaci\u00f3n y a las 11 ingresar\u00e1n un pedido formal de audiencia, con una carta dirigida a la gobernadora. El Gobierno y el FUDB mantienen un extenso conflicto salarial, que no lleg\u00f3 a buen puerto tras seis reuniones paritarias <a class=\"mh-excerpt-more\" href=\"http:\/\/dsrmedios.com.ar\/diario\/archivos\/5684\" title=\"Los Docentes van a La Plata para solicitar una reuni\u00f3n urgente con Mar\u00eda Eugenia Vidal\">[Leer m\u00e1s]<\/a><\/p>\n<\/div>","protected":false},"author":5,"featured_media":5685,"comment_status":"open","ping_status":"closed","sticky":false,"template":"","format":"standard","meta":{"_jetpack_newsletter_access":""},"categories":[18,7],"tags":[],"jetpack_featured_media_url":"http:\/\/dsrmedios.com.ar\/diario\/wp-content\/uploads\/2018\/05\/docentes1_2.jpg","jetpack_sharing_enabled":true,"jetpack_shortlink":"https:\/\/wp.me\/p9fihK-1tG","_links":{"self":[{"href":"http:\/\/dsrmedios.com.ar\/diario\/wp-json\/wp\/v2\/posts\/5684"}],"collection":[{"href":"http:\/\/dsrmedios.com.ar\/diario\/wp-json\/wp\/v2\/posts"}],"about":[{"href":"http:\/\/dsrmedios.com.ar\/diario\/wp-json\/wp\/v2\/types\/post"}],"author":[{"embeddable":true,"href":"http:\/\/dsrmedios.com.ar\/diario\/wp-json\/wp\/v2\/users\/5"}],"replies":[{"embeddable":true,"href":"http:\/\/dsrmedios.com.ar\/diario\/wp-json\/wp\/v2\/comments?post=5684"}],"version-history":[{"count":1,"href":"http:\/\/dsrmedios.com.ar\/diario\/wp-json\/wp\/v2\/posts\/5684\/revisions"}],"predecessor-version":[{"id":5686,"href":"http:\/\/dsrmedios.com.ar\/diario\/wp-json\/wp\/v2\/posts\/5684\/revisions\/5686"}],"wp:featuredmedia":[{"embeddable":true,"href":"http:\/\/dsrmedios.com.ar\/diario\/wp-json\/wp\/v2\/media\/5685"}],"wp:attachment":[{"href":"http:\/\/dsrmedios.com.ar\/diario\/wp-json\/wp\/v2\/media?parent=5684"}],"wp:term":[{"taxonomy":"category","embeddable":true,"href":"http:\/\/dsrmedios.com.ar\/diario\/wp-json\/wp\/v2\/categories?post=5684"},{"taxonomy":"post_tag","embeddable":true,"href":"http:\/\/dsrmedios.com.ar\/diario\/wp-json\/wp\/v2\/tags?post=5684"}],"curies":[{"name":"wp","href":"https:\/\/api.w.org\/{rel}","templated":true}]}}