{"id":5655,"date":"2018-04-27T10:42:46","date_gmt":"2018-04-27T13:42:46","guid":{"rendered":"http:\/\/dsrmedios.com.ar\/diario\/?p=5655"},"modified":"2018-04-27T10:42:46","modified_gmt":"2018-04-27T13:42:46","slug":"exposicion-de-autos-clasicos-y-antiguos-en-la-localidad-de-villa-maza-este-domingo","status":"publish","type":"post","link":"http:\/\/dsrmedios.com.ar\/diario\/archivos\/5655","title":{"rendered":"Exposici\u00f3n de autos cl\u00e1sicos y antiguos en la localidad de Villa Maza este domingo"},"content":{"rendered":"<p>Este domingo llega la 3\u00ba edici\u00f3n de la \u201cRuta del Cald\u00e9n\u201d a Villa Maza, una exposici\u00f3n de autos antiguos organizada por A.PA.REG (Asociaci\u00f3n Pampeana de Regularidad) y la Delegaci\u00f3n Municipal.<br \/>\nCerca del mediod\u00eda arribar\u00e1n a la localidad autos antiguos de toda la regi\u00f3n a la plaza Julio A. Roca que estar\u00e1n en exposici\u00f3n hasta las 15:30hs.<br \/>\nTambi\u00e9n habr\u00e1 una presentaci\u00f3n de la comparsa Diamante y stands de artesanos.<\/p>\n","protected":false},"excerpt":{"rendered":"<div class=\"mh-excerpt\"><p>Este domingo llega la 3\u00ba edici\u00f3n de la \u201cRuta del Cald\u00e9n\u201d a Villa Maza, una exposici\u00f3n de autos antiguos organizada por A.PA.REG (Asociaci\u00f3n Pampeana de Regularidad) y la Delegaci\u00f3n Municipal. Cerca del mediod\u00eda arribar\u00e1n a la localidad autos antiguos de toda la regi\u00f3n a la plaza Julio A. Roca que estar\u00e1n en exposici\u00f3n hasta las 15:30hs. Tambi\u00e9n habr\u00e1 una presentaci\u00f3n de la comparsa Diamante y stands de artesanos.<\/p>\n<\/div>","protected":false},"author":5,"featured_media":5656,"comment_status":"open","ping_status":"closed","sticky":false,"template":"","format":"standard","meta":{"_jetpack_newsletter_access":""},"categories":[31,8],"tags":[],"jetpack_featured_media_url":"http:\/\/dsrmedios.com.ar\/diario\/wp-content\/uploads\/2018\/04\/rutacalden.jpeg","jetpack_sharing_enabled":true,"jetpack_shortlink":"https:\/\/wp.me\/p9fihK-1td","_links":{"self":[{"href":"http:\/\/dsrmedios.com.ar\/diario\/wp-json\/wp\/v2\/posts\/5655"}],"collection":[{"href":"http:\/\/dsrmedios.com.ar\/diario\/wp-json\/wp\/v2\/posts"}],"about":[{"href":"http:\/\/dsrmedios.com.ar\/diario\/wp-json\/wp\/v2\/types\/post"}],"author":[{"embeddable":true,"href":"http:\/\/dsrmedios.com.ar\/diario\/wp-json\/wp\/v2\/users\/5"}],"replies":[{"embeddable":true,"href":"http:\/\/dsrmedios.com.ar\/diario\/wp-json\/wp\/v2\/comments?post=5655"}],"version-history":[{"count":1,"href":"http:\/\/dsrmedios.com.ar\/diario\/wp-json\/wp\/v2\/posts\/5655\/revisions"}],"predecessor-version":[{"id":5657,"href":"http:\/\/dsrmedios.com.ar\/diario\/wp-json\/wp\/v2\/posts\/5655\/revisions\/5657"}],"wp:featuredmedia":[{"embeddable":true,"href":"http:\/\/dsrmedios.com.ar\/diario\/wp-json\/wp\/v2\/media\/5656"}],"wp:attachment":[{"href":"http:\/\/dsrmedios.com.ar\/diario\/wp-json\/wp\/v2\/media?parent=5655"}],"wp:term":[{"taxonomy":"category","embeddable":true,"href":"http:\/\/dsrmedios.com.ar\/diario\/wp-json\/wp\/v2\/categories?post=5655"},{"taxonomy":"post_tag","embeddable":true,"href":"http:\/\/dsrmedios.com.ar\/diario\/wp-json\/wp\/v2\/tags?post=5655"}],"curies":[{"name":"wp","href":"https:\/\/api.w.org\/{rel}","templated":true}]}}