{"id":5644,"date":"2018-04-27T07:58:06","date_gmt":"2018-04-27T10:58:06","guid":{"rendered":"http:\/\/dsrmedios.com.ar\/diario\/?p=5644"},"modified":"2018-04-27T07:58:06","modified_gmt":"2018-04-27T10:58:06","slug":"farmaceuticos-de-la-provincia-de-bs-as-se-movilizaron-a-la-legislatura-en-la-plata","status":"publish","type":"post","link":"http:\/\/dsrmedios.com.ar\/diario\/archivos\/5644","title":{"rendered":"Farmac\u00e9uticos de la provincia de Bs. As. se movilizaron a la Legislatura en La Plata"},"content":{"rendered":"<p>Los farmac\u00e9uticos de distintos distritos de la provincia se movilizaron este jueves a la Gobernaci\u00f3n, entregaron una carta dirigida a la gobernadora Mar\u00eda Eugenia Vidal y posteriormente a la Legislatura donde se manifestaron en contra de la posible instalaci\u00f3n de Farmacity en territorio bonaerense.<\/p>\n<p>El Colegio de Farmac\u00e9uticos de la provincia de Buenos Aires (Colfarma) convoc\u00f3 la movilizaci\u00f3n y luego de concentrar en su sede, marcharon hacia la Casa de Gobierno para \u201cdefender un modelo sanitario de farmacias para nuestra provincia\u201d y luego a mostrar su descontento al Parlamento provincial.<\/p>\n<p>&#8220;No al monopolio. No a las farmashopping. Vamos a la Gobernaci\u00f3n y luego a la Legislatura para apoyar el proyecto del diputado (Lisandro) Bonelli en defensa del modelo de farmacias&#8221;, fue la convocatoria que esgrimieron desde Colfarma.<\/p>\n<p>&#8220;Vamos a hacer todo lo posible por defender el modelo de salud provincial. Y Vidal puede deneter este avasallamiento&#8221;, dijo Mar\u00eda Isabel Reinoso, titular del Colegio, antes de entregar la carta en Gobernaci\u00f3n.<\/p>\n<p>fuente:www.aninoticias.com<\/p>\n","protected":false},"excerpt":{"rendered":"<div class=\"mh-excerpt\"><p>Los farmac\u00e9uticos de distintos distritos de la provincia se movilizaron este jueves a la Gobernaci\u00f3n, entregaron una carta dirigida a la gobernadora Mar\u00eda Eugenia Vidal y posteriormente a la Legislatura donde se manifestaron en contra de la posible instalaci\u00f3n de Farmacity en territorio bonaerense. El Colegio de Farmac\u00e9uticos de la provincia de Buenos Aires (Colfarma) convoc\u00f3 la movilizaci\u00f3n y luego de concentrar en su sede, marcharon hacia la Casa de Gobierno para \u201cdefender un modelo sanitario de farmacias para nuestra provincia\u201d y luego a mostrar su descontento al Parlamento provincial. &#8220;No al monopolio. No a las farmashopping. Vamos a la <a class=\"mh-excerpt-more\" href=\"http:\/\/dsrmedios.com.ar\/diario\/archivos\/5644\" title=\"Farmac\u00e9uticos de la provincia de Bs. As. se movilizaron a la Legislatura en La Plata\">[Leer m\u00e1s]<\/a><\/p>\n<\/div>","protected":false},"author":5,"featured_media":5645,"comment_status":"open","ping_status":"closed","sticky":false,"template":"","format":"standard","meta":{"_jetpack_newsletter_access":""},"categories":[7],"tags":[],"jetpack_featured_media_url":"http:\/\/dsrmedios.com.ar\/diario\/wp-content\/uploads\/2018\/04\/farmaceuticos3-1.jpeg","jetpack_sharing_enabled":true,"jetpack_shortlink":"https:\/\/wp.me\/p9fihK-1t2","_links":{"self":[{"href":"http:\/\/dsrmedios.com.ar\/diario\/wp-json\/wp\/v2\/posts\/5644"}],"collection":[{"href":"http:\/\/dsrmedios.com.ar\/diario\/wp-json\/wp\/v2\/posts"}],"about":[{"href":"http:\/\/dsrmedios.com.ar\/diario\/wp-json\/wp\/v2\/types\/post"}],"author":[{"embeddable":true,"href":"http:\/\/dsrmedios.com.ar\/diario\/wp-json\/wp\/v2\/users\/5"}],"replies":[{"embeddable":true,"href":"http:\/\/dsrmedios.com.ar\/diario\/wp-json\/wp\/v2\/comments?post=5644"}],"version-history":[{"count":1,"href":"http:\/\/dsrmedios.com.ar\/diario\/wp-json\/wp\/v2\/posts\/5644\/revisions"}],"predecessor-version":[{"id":5646,"href":"http:\/\/dsrmedios.com.ar\/diario\/wp-json\/wp\/v2\/posts\/5644\/revisions\/5646"}],"wp:featuredmedia":[{"embeddable":true,"href":"http:\/\/dsrmedios.com.ar\/diario\/wp-json\/wp\/v2\/media\/5645"}],"wp:attachment":[{"href":"http:\/\/dsrmedios.com.ar\/diario\/wp-json\/wp\/v2\/media?parent=5644"}],"wp:term":[{"taxonomy":"category","embeddable":true,"href":"http:\/\/dsrmedios.com.ar\/diario\/wp-json\/wp\/v2\/categories?post=5644"},{"taxonomy":"post_tag","embeddable":true,"href":"http:\/\/dsrmedios.com.ar\/diario\/wp-json\/wp\/v2\/tags?post=5644"}],"curies":[{"name":"wp","href":"https:\/\/api.w.org\/{rel}","templated":true}]}}