{"id":5626,"date":"2018-04-26T08:30:08","date_gmt":"2018-04-26T11:30:08","guid":{"rendered":"http:\/\/dsrmedios.com.ar\/diario\/?p=5626"},"modified":"2018-04-26T08:30:08","modified_gmt":"2018-04-26T11:30:08","slug":"se-realizara-una-capacitacion-academica-sobre-el-trastorno-del-espectro-autista","status":"publish","type":"post","link":"http:\/\/dsrmedios.com.ar\/diario\/archivos\/5626","title":{"rendered":"Se realizar\u00e1 una capacitaci\u00f3n acad\u00e9mica sobre el trastorno del espectro autista"},"content":{"rendered":"<p>El pr\u00f3ximo 5 de mayo se realizar\u00e1 una capacitaci\u00f3n acad\u00e9mica gratuita en trastorno del espectro autista destinada a docentes y terapeutas.<br \/>\nLa capacitaci\u00f3n ser\u00e1 dictada por Pamela Salas, Magister en Psicolog\u00eda Cognitiva y Aprendizaje, Especialista en trastornos de espectro autista e inclusi\u00f3n educativa.<br \/>\nSe trabajar\u00e1 sobre las caracter\u00edsticas, detecci\u00f3n y atenci\u00f3n temprana; abordaje integral y configuraciones de apoyo; evaluaci\u00f3n funcional contextualizada; y apoyo para la inclusi\u00f3n social y escolar.<br \/>\nSer\u00e1 el 5 de mayo de 10 a 17hs en la Casa de la Cultura. La inscripci\u00f3n se realiza de lunes a viernes de 7 a 13hs en la Casa de la Cultura. Los cupos son limitados.<br \/>\nLa capacitaci\u00f3n es organizada por la EPN\u00ba3 y cuenta con el auspicio de la Municipalidad de Adolfo Alsina. Tambi\u00e9n apoyan la actividad empresas y comercios locales: Agrupaci\u00f3n Campo Nuevo, Frigor\u00edfico Alsina, La Industrial, Aberturas Menendez, Kiosco Acuario, Gomer\u00eda Brumar, Verduler\u00eda Achicoria Rabiosa, Lavadero Menendez, Hotel Cristal y Hielo Ciro.<br \/>\nDurante la capacitaci\u00f3n habr\u00e1 servicio de buffet a cargo de la cooperadora de la escuela.<\/p>\n","protected":false},"excerpt":{"rendered":"<div class=\"mh-excerpt\"><p>El pr\u00f3ximo 5 de mayo se realizar\u00e1 una capacitaci\u00f3n acad\u00e9mica gratuita en trastorno del espectro autista destinada a docentes y terapeutas. La capacitaci\u00f3n ser\u00e1 dictada por Pamela Salas, Magister en Psicolog\u00eda Cognitiva y Aprendizaje, Especialista en trastornos de espectro autista e inclusi\u00f3n educativa. Se trabajar\u00e1 sobre las caracter\u00edsticas, detecci\u00f3n y atenci\u00f3n temprana; abordaje integral y configuraciones de apoyo; evaluaci\u00f3n funcional contextualizada; y apoyo para la inclusi\u00f3n social y escolar. Ser\u00e1 el 5 de mayo de 10 a 17hs en la Casa de la Cultura. La inscripci\u00f3n se realiza de lunes a viernes de 7 a 13hs en la Casa de <a class=\"mh-excerpt-more\" href=\"http:\/\/dsrmedios.com.ar\/diario\/archivos\/5626\" title=\"Se realizar\u00e1 una capacitaci\u00f3n acad\u00e9mica sobre el trastorno del espectro autista\">[Leer m\u00e1s]<\/a><\/p>\n<\/div>","protected":false},"author":5,"featured_media":5627,"comment_status":"open","ping_status":"closed","sticky":false,"template":"","format":"standard","meta":{"_jetpack_newsletter_access":""},"categories":[31],"tags":[],"jetpack_featured_media_url":"http:\/\/dsrmedios.com.ar\/diario\/wp-content\/uploads\/2018\/04\/autismo.jpg","jetpack_sharing_enabled":true,"jetpack_shortlink":"https:\/\/wp.me\/p9fihK-1sK","_links":{"self":[{"href":"http:\/\/dsrmedios.com.ar\/diario\/wp-json\/wp\/v2\/posts\/5626"}],"collection":[{"href":"http:\/\/dsrmedios.com.ar\/diario\/wp-json\/wp\/v2\/posts"}],"about":[{"href":"http:\/\/dsrmedios.com.ar\/diario\/wp-json\/wp\/v2\/types\/post"}],"author":[{"embeddable":true,"href":"http:\/\/dsrmedios.com.ar\/diario\/wp-json\/wp\/v2\/users\/5"}],"replies":[{"embeddable":true,"href":"http:\/\/dsrmedios.com.ar\/diario\/wp-json\/wp\/v2\/comments?post=5626"}],"version-history":[{"count":1,"href":"http:\/\/dsrmedios.com.ar\/diario\/wp-json\/wp\/v2\/posts\/5626\/revisions"}],"predecessor-version":[{"id":5628,"href":"http:\/\/dsrmedios.com.ar\/diario\/wp-json\/wp\/v2\/posts\/5626\/revisions\/5628"}],"wp:featuredmedia":[{"embeddable":true,"href":"http:\/\/dsrmedios.com.ar\/diario\/wp-json\/wp\/v2\/media\/5627"}],"wp:attachment":[{"href":"http:\/\/dsrmedios.com.ar\/diario\/wp-json\/wp\/v2\/media?parent=5626"}],"wp:term":[{"taxonomy":"category","embeddable":true,"href":"http:\/\/dsrmedios.com.ar\/diario\/wp-json\/wp\/v2\/categories?post=5626"},{"taxonomy":"post_tag","embeddable":true,"href":"http:\/\/dsrmedios.com.ar\/diario\/wp-json\/wp\/v2\/tags?post=5626"}],"curies":[{"name":"wp","href":"https:\/\/api.w.org\/{rel}","templated":true}]}}