{"id":5620,"date":"2018-04-26T08:14:58","date_gmt":"2018-04-26T11:14:58","guid":{"rendered":"http:\/\/dsrmedios.com.ar\/diario\/?p=5620"},"modified":"2018-04-26T08:14:58","modified_gmt":"2018-04-26T11:14:58","slug":"los-gobernadores-de-provincia-piden-eliminacion-del-iva-en-las-tarifas-de-servicios","status":"publish","type":"post","link":"http:\/\/dsrmedios.com.ar\/diario\/archivos\/5620","title":{"rendered":"Los gobernadores de provincia piden eliminaci\u00f3n del IVA en las tarifas de servicios"},"content":{"rendered":"<p>Los gobernadores de C\u00f3rdoba, Juan Schiaretti, y de Santa Fe, Miguel Lifschitz, respondieron al reclamo del presidente Mauricio Macri de bajar impuestos vinculados a las tarifas, al exigir que la Naci\u00f3n reduzca el IVA a los servicios p\u00fablicos.<\/p>\n<p>&#8220;El impuesto m\u00e1s importante que tienen los servicios es el IVA, que es un impuesto nacional, que impacta en un 21 por ciento. Si queremos bajar impuestos el primero que habr\u00eda que reducir es el IVA a todos los servicios p\u00fablicos&#8221;, manifest\u00f3 Lifschitz.<\/p>\n<p>El gobernador socialista explic\u00f3: &#8220;Obviamente vamos a tratar de colaborar sobre todo pensando en nuestros usuarios y ciudadanos. Pero creo que no se resuelve el problema de fondo&#8221;.<\/p>\n<p>fuente:www.noticiasargentinas.com<\/p>\n","protected":false},"excerpt":{"rendered":"<div class=\"mh-excerpt\"><p>Los gobernadores de C\u00f3rdoba, Juan Schiaretti, y de Santa Fe, Miguel Lifschitz, respondieron al reclamo del presidente Mauricio Macri de bajar impuestos vinculados a las tarifas, al exigir que la Naci\u00f3n reduzca el IVA a los servicios p\u00fablicos. &#8220;El impuesto m\u00e1s importante que tienen los servicios es el IVA, que es un impuesto nacional, que impacta en un 21 por ciento. Si queremos bajar impuestos el primero que habr\u00eda que reducir es el IVA a todos los servicios p\u00fablicos&#8221;, manifest\u00f3 Lifschitz. El gobernador socialista explic\u00f3: &#8220;Obviamente vamos a tratar de colaborar sobre todo pensando en nuestros usuarios y ciudadanos. Pero <a class=\"mh-excerpt-more\" href=\"http:\/\/dsrmedios.com.ar\/diario\/archivos\/5620\" title=\"Los gobernadores de provincia piden eliminaci\u00f3n del IVA en las tarifas de servicios\">[Leer m\u00e1s]<\/a><\/p>\n<\/div>","protected":false},"author":5,"featured_media":5621,"comment_status":"open","ping_status":"closed","sticky":false,"template":"","format":"standard","meta":{"_jetpack_newsletter_access":""},"categories":[6],"tags":[],"jetpack_featured_media_url":"http:\/\/dsrmedios.com.ar\/diario\/wp-content\/uploads\/2018\/04\/servicios-publicos.jpg","jetpack_sharing_enabled":true,"jetpack_shortlink":"https:\/\/wp.me\/p9fihK-1sE","_links":{"self":[{"href":"http:\/\/dsrmedios.com.ar\/diario\/wp-json\/wp\/v2\/posts\/5620"}],"collection":[{"href":"http:\/\/dsrmedios.com.ar\/diario\/wp-json\/wp\/v2\/posts"}],"about":[{"href":"http:\/\/dsrmedios.com.ar\/diario\/wp-json\/wp\/v2\/types\/post"}],"author":[{"embeddable":true,"href":"http:\/\/dsrmedios.com.ar\/diario\/wp-json\/wp\/v2\/users\/5"}],"replies":[{"embeddable":true,"href":"http:\/\/dsrmedios.com.ar\/diario\/wp-json\/wp\/v2\/comments?post=5620"}],"version-history":[{"count":1,"href":"http:\/\/dsrmedios.com.ar\/diario\/wp-json\/wp\/v2\/posts\/5620\/revisions"}],"predecessor-version":[{"id":5622,"href":"http:\/\/dsrmedios.com.ar\/diario\/wp-json\/wp\/v2\/posts\/5620\/revisions\/5622"}],"wp:featuredmedia":[{"embeddable":true,"href":"http:\/\/dsrmedios.com.ar\/diario\/wp-json\/wp\/v2\/media\/5621"}],"wp:attachment":[{"href":"http:\/\/dsrmedios.com.ar\/diario\/wp-json\/wp\/v2\/media?parent=5620"}],"wp:term":[{"taxonomy":"category","embeddable":true,"href":"http:\/\/dsrmedios.com.ar\/diario\/wp-json\/wp\/v2\/categories?post=5620"},{"taxonomy":"post_tag","embeddable":true,"href":"http:\/\/dsrmedios.com.ar\/diario\/wp-json\/wp\/v2\/tags?post=5620"}],"curies":[{"name":"wp","href":"https:\/\/api.w.org\/{rel}","templated":true}]}}