{"id":5599,"date":"2018-04-25T08:54:52","date_gmt":"2018-04-25T11:54:52","guid":{"rendered":"http:\/\/dsrmedios.com.ar\/diario\/?p=5599"},"modified":"2018-04-25T08:55:47","modified_gmt":"2018-04-25T11:55:47","slug":"5599","status":"publish","type":"post","link":"http:\/\/dsrmedios.com.ar\/diario\/archivos\/5599","title":{"rendered":"El Intendente Hirtz particip\u00f3 de la reuni\u00f3n de los Comit\u00e9s Naci\u00f3n y Provincia de la UCR"},"content":{"rendered":"<p>Los integrantes de las respectivas mesas directivas del Comit\u00e9 Nacional y Comit\u00e9 Provincial de la Uni\u00f3n C\u00edvica Radical. La reuni\u00f3n cont\u00f3 con la presencia de los gobernadores de Jujuy, Mendoza y Corrientes, Tambi\u00e9n estuvo presente el Vice Gobernador de la Provincia de Buenos Aires Dr. Daniel Salvador, la Diputada Alejandra Lorden y en representaci\u00f3n de los Intendentes radicales de nuestra provincia hizo uso de la palabra nuestro jefe comunal Favid Hirtz quien resalt\u00f3: .&#8221;<em><strong>..el largo recorrido que ha hecho dentro de los foros y describi\u00f3 el crecimiento del radicalismo dentro de Cambiemos, que ha llevado de 16 a 38 a los Intendentes Radicales en tan s\u00f3lo 4 a\u00f1os.&#8221;<\/strong><\/em><\/p>\n","protected":false},"excerpt":{"rendered":"<div class=\"mh-excerpt\"><p>Los integrantes de las respectivas mesas directivas del Comit\u00e9 Nacional y Comit\u00e9 Provincial de la Uni\u00f3n C\u00edvica Radical. La reuni\u00f3n cont\u00f3 con la presencia de los gobernadores de Jujuy, Mendoza y Corrientes, Tambi\u00e9n estuvo presente el Vice Gobernador de la Provincia de Buenos Aires Dr. Daniel Salvador, la Diputada Alejandra Lorden y en representaci\u00f3n de los Intendentes radicales de nuestra provincia hizo uso de la palabra nuestro jefe comunal Favid Hirtz quien resalt\u00f3: .&#8221;..el largo recorrido que ha hecho dentro de los foros y describi\u00f3 el crecimiento del radicalismo dentro de Cambiemos, que ha llevado de 16 a 38 a <a class=\"mh-excerpt-more\" href=\"http:\/\/dsrmedios.com.ar\/diario\/archivos\/5599\" title=\"El Intendente Hirtz particip\u00f3 de la reuni\u00f3n de los Comit\u00e9s Naci\u00f3n y Provincia de la UCR\">[Leer m\u00e1s]<\/a><\/p>\n<\/div>","protected":false},"author":5,"featured_media":5600,"comment_status":"open","ping_status":"closed","sticky":false,"template":"","format":"standard","meta":{"_jetpack_newsletter_access":""},"categories":[18,31],"tags":[],"jetpack_featured_media_url":"http:\/\/dsrmedios.com.ar\/diario\/wp-content\/uploads\/2018\/04\/ucrreunion.jpg","jetpack_sharing_enabled":true,"jetpack_shortlink":"https:\/\/wp.me\/s9fihK-5599","_links":{"self":[{"href":"http:\/\/dsrmedios.com.ar\/diario\/wp-json\/wp\/v2\/posts\/5599"}],"collection":[{"href":"http:\/\/dsrmedios.com.ar\/diario\/wp-json\/wp\/v2\/posts"}],"about":[{"href":"http:\/\/dsrmedios.com.ar\/diario\/wp-json\/wp\/v2\/types\/post"}],"author":[{"embeddable":true,"href":"http:\/\/dsrmedios.com.ar\/diario\/wp-json\/wp\/v2\/users\/5"}],"replies":[{"embeddable":true,"href":"http:\/\/dsrmedios.com.ar\/diario\/wp-json\/wp\/v2\/comments?post=5599"}],"version-history":[{"count":2,"href":"http:\/\/dsrmedios.com.ar\/diario\/wp-json\/wp\/v2\/posts\/5599\/revisions"}],"predecessor-version":[{"id":5603,"href":"http:\/\/dsrmedios.com.ar\/diario\/wp-json\/wp\/v2\/posts\/5599\/revisions\/5603"}],"wp:featuredmedia":[{"embeddable":true,"href":"http:\/\/dsrmedios.com.ar\/diario\/wp-json\/wp\/v2\/media\/5600"}],"wp:attachment":[{"href":"http:\/\/dsrmedios.com.ar\/diario\/wp-json\/wp\/v2\/media?parent=5599"}],"wp:term":[{"taxonomy":"category","embeddable":true,"href":"http:\/\/dsrmedios.com.ar\/diario\/wp-json\/wp\/v2\/categories?post=5599"},{"taxonomy":"post_tag","embeddable":true,"href":"http:\/\/dsrmedios.com.ar\/diario\/wp-json\/wp\/v2\/tags?post=5599"}],"curies":[{"name":"wp","href":"https:\/\/api.w.org\/{rel}","templated":true}]}}