{"id":5592,"date":"2018-04-25T08:37:27","date_gmt":"2018-04-25T11:37:27","guid":{"rendered":"http:\/\/dsrmedios.com.ar\/diario\/?p=5592"},"modified":"2018-04-25T08:37:27","modified_gmt":"2018-04-25T11:37:27","slug":"docentes-paran-en-toda-la-provincia-en-reclamo-de-mejora-salarial","status":"publish","type":"post","link":"http:\/\/dsrmedios.com.ar\/diario\/archivos\/5592","title":{"rendered":"Docentes paran en toda la provincia en reclamo de mejora salarial"},"content":{"rendered":"<p>A pesar del rev\u00e9s de la Justicia que autoriz\u00f3 al Gobierno provincial a avanzar con descuentos por cese de actividades, los gremios docentes bonaerenses concretar\u00e1n este mi\u00e9rcoles su cuarto d\u00eda de paro en el a\u00f1o y movilizar\u00e1n en Capital Federal.<\/p>\n<p>Ayer, en la antesala de una nueva protesta, el Tribunal de Trabajo N\u00b0 4 de La Plata rechaz\u00f3 la medida cautelar presentada por los gremios docentes en la que solicitaban que el Ejecutivo se abstenga de realizar descuentos sobre los salarios por paros.<\/p>\n<p>El rev\u00e9s para los maestros podr\u00eda tener un impacto negativo en la protesta de hoy donde buscar\u00e1n volver a mostrar su poder de convocatoria. De la movilizaci\u00f3n ser\u00e1n parte el Frente de Unidad Docente -Suteba, FEB, Udocba, AMET y Sadop- y ATE, y se realizar\u00e1 desde las 11 horas. Los manifestantes marchar\u00e1n desde Plaza del Congreso a la Casa de la Provincia de Buenos Aires.<\/p>\n<p>En la \u00faltima reuni\u00f3n paritaria (la s\u00e9ptima de la negociaci\u00f3n), el Gobierno les ofreci\u00f3 a los sindicatos un aumento semestral del 10%, dividido en tres tramos (un 5% retroactivo a enero; 3% en abril y 2% en junio), adem\u00e1s de un plus por presentismo de hasta $ 3.000 por docente.<\/p>\n<p>fuente:ww.aninoticias.com.ar<\/p>\n","protected":false},"excerpt":{"rendered":"<div class=\"mh-excerpt\"><p>A pesar del rev\u00e9s de la Justicia que autoriz\u00f3 al Gobierno provincial a avanzar con descuentos por cese de actividades, los gremios docentes bonaerenses concretar\u00e1n este mi\u00e9rcoles su cuarto d\u00eda de paro en el a\u00f1o y movilizar\u00e1n en Capital Federal. Ayer, en la antesala de una nueva protesta, el Tribunal de Trabajo N\u00b0 4 de La Plata rechaz\u00f3 la medida cautelar presentada por los gremios docentes en la que solicitaban que el Ejecutivo se abstenga de realizar descuentos sobre los salarios por paros. El rev\u00e9s para los maestros podr\u00eda tener un impacto negativo en la protesta de hoy donde buscar\u00e1n <a class=\"mh-excerpt-more\" href=\"http:\/\/dsrmedios.com.ar\/diario\/archivos\/5592\" title=\"Docentes paran en toda la provincia en reclamo de mejora salarial\">[Leer m\u00e1s]<\/a><\/p>\n<\/div>","protected":false},"author":5,"featured_media":1147,"comment_status":"open","ping_status":"closed","sticky":false,"template":"","format":"standard","meta":{"_jetpack_newsletter_access":""},"categories":[18,7],"tags":[],"jetpack_featured_media_url":"http:\/\/dsrmedios.com.ar\/diario\/wp-content\/uploads\/2017\/10\/baradelyotr.jpg","jetpack_sharing_enabled":true,"jetpack_shortlink":"https:\/\/wp.me\/p9fihK-1sc","_links":{"self":[{"href":"http:\/\/dsrmedios.com.ar\/diario\/wp-json\/wp\/v2\/posts\/5592"}],"collection":[{"href":"http:\/\/dsrmedios.com.ar\/diario\/wp-json\/wp\/v2\/posts"}],"about":[{"href":"http:\/\/dsrmedios.com.ar\/diario\/wp-json\/wp\/v2\/types\/post"}],"author":[{"embeddable":true,"href":"http:\/\/dsrmedios.com.ar\/diario\/wp-json\/wp\/v2\/users\/5"}],"replies":[{"embeddable":true,"href":"http:\/\/dsrmedios.com.ar\/diario\/wp-json\/wp\/v2\/comments?post=5592"}],"version-history":[{"count":1,"href":"http:\/\/dsrmedios.com.ar\/diario\/wp-json\/wp\/v2\/posts\/5592\/revisions"}],"predecessor-version":[{"id":5593,"href":"http:\/\/dsrmedios.com.ar\/diario\/wp-json\/wp\/v2\/posts\/5592\/revisions\/5593"}],"wp:featuredmedia":[{"embeddable":true,"href":"http:\/\/dsrmedios.com.ar\/diario\/wp-json\/wp\/v2\/media\/1147"}],"wp:attachment":[{"href":"http:\/\/dsrmedios.com.ar\/diario\/wp-json\/wp\/v2\/media?parent=5592"}],"wp:term":[{"taxonomy":"category","embeddable":true,"href":"http:\/\/dsrmedios.com.ar\/diario\/wp-json\/wp\/v2\/categories?post=5592"},{"taxonomy":"post_tag","embeddable":true,"href":"http:\/\/dsrmedios.com.ar\/diario\/wp-json\/wp\/v2\/tags?post=5592"}],"curies":[{"name":"wp","href":"https:\/\/api.w.org\/{rel}","templated":true}]}}