{"id":5577,"date":"2018-04-24T08:19:22","date_gmt":"2018-04-24T11:19:22","guid":{"rendered":"http:\/\/dsrmedios.com.ar\/diario\/?p=5577"},"modified":"2018-04-24T08:19:22","modified_gmt":"2018-04-24T11:19:22","slug":"cerraron-definitivamente-las-viejas-alcantarillas-de-el-terraplen-del-mataco","status":"publish","type":"post","link":"http:\/\/dsrmedios.com.ar\/diario\/archivos\/5577","title":{"rendered":"Cerraron definitivamente las viejas alcantarillas de el terrapl\u00e9n del Mataco"},"content":{"rendered":"<p>El Subsecretario de Infraestructura y Recursos H\u00eddricos,Ing. Luis Gim\u00e9nez y el Ing. Mario Gschaider, Director Provincial de Hidr\u00e1ulica tomaron la decisi\u00f3n t\u00e9cnica de cerrar las alcantarillas del Terrapl\u00e9n del Mataco luego de recorrer personalmente las obras relacionadas con la Cuenca de las Lagunas Las Encadenadas.<br \/>\nLa nivelaci\u00f3n y compactaci\u00f3n del Terrapl\u00e9n del Mataco que separa la Laguna del Monte de la del Venado, permitir\u00e1 clausurar \u00a0viejas alcantarillas que comunicaban ambas lagunas. A partir de esta clausura se podr\u00e1 manejar de manera independiente ambos cuencos..<br \/>\nLa empresa que se encuentra trabajando en el lugar ya implement\u00f3 la decisi\u00f3n tomada y cerr\u00f3 las alcantarillas.<\/p>\n","protected":false},"excerpt":{"rendered":"<div class=\"mh-excerpt\"><p>El Subsecretario de Infraestructura y Recursos H\u00eddricos,Ing. Luis Gim\u00e9nez y el Ing. Mario Gschaider, Director Provincial de Hidr\u00e1ulica tomaron la decisi\u00f3n t\u00e9cnica de cerrar las alcantarillas del Terrapl\u00e9n del Mataco luego de recorrer personalmente las obras relacionadas con la Cuenca de las Lagunas Las Encadenadas. La nivelaci\u00f3n y compactaci\u00f3n del Terrapl\u00e9n del Mataco que separa la Laguna del Monte de la del Venado, permitir\u00e1 clausurar \u00a0viejas alcantarillas que comunicaban ambas lagunas. A partir de esta clausura se podr\u00e1 manejar de manera independiente ambos cuencos.. La empresa que se encuentra trabajando en el lugar ya implement\u00f3 la decisi\u00f3n tomada y cerr\u00f3 <a class=\"mh-excerpt-more\" href=\"http:\/\/dsrmedios.com.ar\/diario\/archivos\/5577\" title=\"Cerraron definitivamente las viejas alcantarillas de el terrapl\u00e9n del Mataco\">[Leer m\u00e1s]<\/a><\/p>\n<\/div>","protected":false},"author":5,"featured_media":5578,"comment_status":"open","ping_status":"closed","sticky":false,"template":"","format":"standard","meta":{"_jetpack_newsletter_access":""},"categories":[18,31],"tags":[],"jetpack_featured_media_url":"http:\/\/dsrmedios.com.ar\/diario\/wp-content\/uploads\/2018\/04\/infografiael-mataco-1.jpg","jetpack_sharing_enabled":true,"jetpack_shortlink":"https:\/\/wp.me\/p9fihK-1rX","_links":{"self":[{"href":"http:\/\/dsrmedios.com.ar\/diario\/wp-json\/wp\/v2\/posts\/5577"}],"collection":[{"href":"http:\/\/dsrmedios.com.ar\/diario\/wp-json\/wp\/v2\/posts"}],"about":[{"href":"http:\/\/dsrmedios.com.ar\/diario\/wp-json\/wp\/v2\/types\/post"}],"author":[{"embeddable":true,"href":"http:\/\/dsrmedios.com.ar\/diario\/wp-json\/wp\/v2\/users\/5"}],"replies":[{"embeddable":true,"href":"http:\/\/dsrmedios.com.ar\/diario\/wp-json\/wp\/v2\/comments?post=5577"}],"version-history":[{"count":1,"href":"http:\/\/dsrmedios.com.ar\/diario\/wp-json\/wp\/v2\/posts\/5577\/revisions"}],"predecessor-version":[{"id":5579,"href":"http:\/\/dsrmedios.com.ar\/diario\/wp-json\/wp\/v2\/posts\/5577\/revisions\/5579"}],"wp:featuredmedia":[{"embeddable":true,"href":"http:\/\/dsrmedios.com.ar\/diario\/wp-json\/wp\/v2\/media\/5578"}],"wp:attachment":[{"href":"http:\/\/dsrmedios.com.ar\/diario\/wp-json\/wp\/v2\/media?parent=5577"}],"wp:term":[{"taxonomy":"category","embeddable":true,"href":"http:\/\/dsrmedios.com.ar\/diario\/wp-json\/wp\/v2\/categories?post=5577"},{"taxonomy":"post_tag","embeddable":true,"href":"http:\/\/dsrmedios.com.ar\/diario\/wp-json\/wp\/v2\/tags?post=5577"}],"curies":[{"name":"wp","href":"https:\/\/api.w.org\/{rel}","templated":true}]}}