{"id":5569,"date":"2018-04-24T08:03:27","date_gmt":"2018-04-24T11:03:27","guid":{"rendered":"http:\/\/dsrmedios.com.ar\/diario\/?p=5569"},"modified":"2018-04-24T08:03:27","modified_gmt":"2018-04-24T11:03:27","slug":"el-presidente-macri-llamo-a-los-argentinos-a-consumir-menos-energia","status":"publish","type":"post","link":"http:\/\/dsrmedios.com.ar\/diario\/archivos\/5569","title":{"rendered":"El Presidente Macri llam\u00f3 a los argentinos a consumir menos energ\u00eda"},"content":{"rendered":"<div class=\"teads-inread\">\n<div class=\"teads-ui-components-label\">El presidente Mauricio Macri hizo este lunes un fuerte llamado a intendentes y gobernadores para que eliminen los impuestos que cobran sobre los servicios p\u00fablicos para &#8220;aliviar la carga a consumidores y pymes&#8221; tras los aumentos de tarifas, al tiempo que pidi\u00f3 a los ciudadanos un &#8220;esfuerzo para consumir menos&#8221; energ\u00eda.<\/div>\n<div id=\"teads1\" class=\"teads-player\">\n<p>&#8220;Les quiero pedir a los distritos que eliminen los impuestos que cobran sobre los servicios p\u00fablicos, as\u00ed van a aliviar las cargas sobre los comercios, sobre las pymes y sobre los consumidores&#8221;, sostuvo el presidente en un mensaje grabado desde el yacimiento no convencional de Vaca Muerta, en Neuqu\u00e9n.<\/p>\n<p>No obstante, hizo una contundente defensa de su pol\u00edtica de salida de los subsidios a las tarifas de servicios, al se\u00f1alar que &#8220;no son gratis&#8221; y que fue la &#8220;mentira que m\u00e1s da\u00f1o nos hizo&#8221;.<\/p>\n<p>fuente:www.noticiasargentinas.com<\/p>\n<\/div>\n<\/div>\n","protected":false},"excerpt":{"rendered":"<div class=\"mh-excerpt\"><p>El presidente Mauricio Macri hizo este lunes un fuerte llamado a intendentes y gobernadores para que eliminen los impuestos que cobran sobre los servicios p\u00fablicos para &#8220;aliviar la carga a consumidores y pymes&#8221; tras los aumentos de tarifas, al tiempo que pidi\u00f3 a los ciudadanos un &#8220;esfuerzo para consumir menos&#8221; energ\u00eda. &#8220;Les quiero pedir a los distritos que eliminen los impuestos que cobran sobre los servicios p\u00fablicos, as\u00ed van a aliviar las cargas sobre los comercios, sobre las pymes y sobre los consumidores&#8221;, sostuvo el presidente en un mensaje grabado desde el yacimiento no convencional de Vaca Muerta, en Neuqu\u00e9n. <a class=\"mh-excerpt-more\" href=\"http:\/\/dsrmedios.com.ar\/diario\/archivos\/5569\" title=\"El Presidente Macri llam\u00f3 a los argentinos a consumir menos energ\u00eda\">[Leer m\u00e1s]<\/a><\/p>\n<\/div>","protected":false},"author":5,"featured_media":5570,"comment_status":"open","ping_status":"closed","sticky":false,"template":"","format":"standard","meta":{"_jetpack_newsletter_access":""},"categories":[18,6],"tags":[],"jetpack_featured_media_url":"http:\/\/dsrmedios.com.ar\/diario\/wp-content\/uploads\/2018\/04\/vaca-muerta.jpg","jetpack_sharing_enabled":true,"jetpack_shortlink":"https:\/\/wp.me\/p9fihK-1rP","_links":{"self":[{"href":"http:\/\/dsrmedios.com.ar\/diario\/wp-json\/wp\/v2\/posts\/5569"}],"collection":[{"href":"http:\/\/dsrmedios.com.ar\/diario\/wp-json\/wp\/v2\/posts"}],"about":[{"href":"http:\/\/dsrmedios.com.ar\/diario\/wp-json\/wp\/v2\/types\/post"}],"author":[{"embeddable":true,"href":"http:\/\/dsrmedios.com.ar\/diario\/wp-json\/wp\/v2\/users\/5"}],"replies":[{"embeddable":true,"href":"http:\/\/dsrmedios.com.ar\/diario\/wp-json\/wp\/v2\/comments?post=5569"}],"version-history":[{"count":1,"href":"http:\/\/dsrmedios.com.ar\/diario\/wp-json\/wp\/v2\/posts\/5569\/revisions"}],"predecessor-version":[{"id":5571,"href":"http:\/\/dsrmedios.com.ar\/diario\/wp-json\/wp\/v2\/posts\/5569\/revisions\/5571"}],"wp:featuredmedia":[{"embeddable":true,"href":"http:\/\/dsrmedios.com.ar\/diario\/wp-json\/wp\/v2\/media\/5570"}],"wp:attachment":[{"href":"http:\/\/dsrmedios.com.ar\/diario\/wp-json\/wp\/v2\/media?parent=5569"}],"wp:term":[{"taxonomy":"category","embeddable":true,"href":"http:\/\/dsrmedios.com.ar\/diario\/wp-json\/wp\/v2\/categories?post=5569"},{"taxonomy":"post_tag","embeddable":true,"href":"http:\/\/dsrmedios.com.ar\/diario\/wp-json\/wp\/v2\/tags?post=5569"}],"curies":[{"name":"wp","href":"https:\/\/api.w.org\/{rel}","templated":true}]}}