{"id":5567,"date":"2018-04-24T07:57:50","date_gmt":"2018-04-24T10:57:50","guid":{"rendered":"http:\/\/dsrmedios.com.ar\/diario\/?p=5567"},"modified":"2018-04-24T07:57:50","modified_gmt":"2018-04-24T10:57:50","slug":"la-gobernadora-anuncio-una-rebaja-en-las-tarifas-de-luz-gas-y-agua-en-provincia","status":"publish","type":"post","link":"http:\/\/dsrmedios.com.ar\/diario\/archivos\/5567","title":{"rendered":"La Gobernadora anunci\u00f3 una rebaja en las tarifas de luz, Gas y Agua en Provincia"},"content":{"rendered":"<p>La gobernadora Mar\u00eda Eugenia Vidal anunci\u00f3 este lunes un recorte de impuestos en las tarifas que pagan los usuarios de servicios p\u00fablicos en la provincia de Buenos Aires, despu\u00e9s del mensaje del presidente Mauricio Macri desde Vaca Muerta.<\/p>\n<p>El anuncio, se puso en l\u00ednea con el pedido del gobierno nacional, en cuanto a que las provincias se hagan cargo de parte del costo de los servicios p\u00fablicos.<\/p>\n<p>Durante una conferencia de prensa realizada en la capital bonaerense, Vidal adelant\u00f3 que la rebaja operar\u00e1 para todos los \u201cusuarios residenciales\u201d indiferentemente de la empresa que reciban el servicio y que el descuento \u201cen concreto, ser\u00e1 de 15,5% en las facturas de luz, 6,3% en la de gas y 6,2 en la de agua\u201d.<\/p>\n","protected":false},"excerpt":{"rendered":"<div class=\"mh-excerpt\"><p>La gobernadora Mar\u00eda Eugenia Vidal anunci\u00f3 este lunes un recorte de impuestos en las tarifas que pagan los usuarios de servicios p\u00fablicos en la provincia de Buenos Aires, despu\u00e9s del mensaje del presidente Mauricio Macri desde Vaca Muerta. El anuncio, se puso en l\u00ednea con el pedido del gobierno nacional, en cuanto a que las provincias se hagan cargo de parte del costo de los servicios p\u00fablicos. Durante una conferencia de prensa realizada en la capital bonaerense, Vidal adelant\u00f3 que la rebaja operar\u00e1 para todos los \u201cusuarios residenciales\u201d indiferentemente de la empresa que reciban el servicio y que el descuento <a class=\"mh-excerpt-more\" href=\"http:\/\/dsrmedios.com.ar\/diario\/archivos\/5567\" title=\"La Gobernadora anunci\u00f3 una rebaja en las tarifas de luz, Gas y Agua en Provincia\">[Leer m\u00e1s]<\/a><\/p>\n<\/div>","protected":false},"author":5,"featured_media":4058,"comment_status":"open","ping_status":"closed","sticky":false,"template":"","format":"standard","meta":{"_jetpack_newsletter_access":""},"categories":[18,7],"tags":[],"jetpack_featured_media_url":"http:\/\/dsrmedios.com.ar\/diario\/wp-content\/uploads\/2018\/02\/maria-eugenia-vidal.jpg","jetpack_sharing_enabled":true,"jetpack_shortlink":"https:\/\/wp.me\/p9fihK-1rN","_links":{"self":[{"href":"http:\/\/dsrmedios.com.ar\/diario\/wp-json\/wp\/v2\/posts\/5567"}],"collection":[{"href":"http:\/\/dsrmedios.com.ar\/diario\/wp-json\/wp\/v2\/posts"}],"about":[{"href":"http:\/\/dsrmedios.com.ar\/diario\/wp-json\/wp\/v2\/types\/post"}],"author":[{"embeddable":true,"href":"http:\/\/dsrmedios.com.ar\/diario\/wp-json\/wp\/v2\/users\/5"}],"replies":[{"embeddable":true,"href":"http:\/\/dsrmedios.com.ar\/diario\/wp-json\/wp\/v2\/comments?post=5567"}],"version-history":[{"count":1,"href":"http:\/\/dsrmedios.com.ar\/diario\/wp-json\/wp\/v2\/posts\/5567\/revisions"}],"predecessor-version":[{"id":5568,"href":"http:\/\/dsrmedios.com.ar\/diario\/wp-json\/wp\/v2\/posts\/5567\/revisions\/5568"}],"wp:featuredmedia":[{"embeddable":true,"href":"http:\/\/dsrmedios.com.ar\/diario\/wp-json\/wp\/v2\/media\/4058"}],"wp:attachment":[{"href":"http:\/\/dsrmedios.com.ar\/diario\/wp-json\/wp\/v2\/media?parent=5567"}],"wp:term":[{"taxonomy":"category","embeddable":true,"href":"http:\/\/dsrmedios.com.ar\/diario\/wp-json\/wp\/v2\/categories?post=5567"},{"taxonomy":"post_tag","embeddable":true,"href":"http:\/\/dsrmedios.com.ar\/diario\/wp-json\/wp\/v2\/tags?post=5567"}],"curies":[{"name":"wp","href":"https:\/\/api.w.org\/{rel}","templated":true}]}}