{"id":5535,"date":"2018-04-23T08:08:28","date_gmt":"2018-04-23T11:08:28","guid":{"rendered":"http:\/\/dsrmedios.com.ar\/diario\/?p=5535"},"modified":"2018-04-23T08:08:28","modified_gmt":"2018-04-23T11:08:28","slug":"este-sera-el-ultimo-aumento-de-tarifas-aseguro-el-presidente-del-senado-nacional","status":"publish","type":"post","link":"http:\/\/dsrmedios.com.ar\/diario\/archivos\/5535","title":{"rendered":"Este ser\u00e1 el \u00faltimo aumento de tarifas aseguro el Presidente del Senado Nacional"},"content":{"rendered":"<p>El presidente provisional del Senado, Federico Pinedo, asegur\u00f3 este domingo que &#8220;este es el \u00faltimo aumento de tarifas que hay&#8221;, mientras confi\u00f3 en que la inflaci\u00f3n &#8220;va a ir bajando&#8221;.<\/p>\n<p>En medio de la pol\u00e9mica en torno al incremento de las tarifas y las fuertes cr\u00edticas por parte de la oposici\u00f3n respecto de la propuesta del Gobierno de &#8220;aplanar&#8221; las subas de gas, el legislador oficialista sostuvo: &#8220;Lleg\u00f3 un punto de colapso y estamos saliendo de esa mentira hacia una realidad con esfuerzo&#8221;.<\/p>\n<p>De ese modo, consider\u00f3 que &#8220;el tema de las tarifas es una de las cat\u00e1strofes argentinas&#8221;.<\/p>\n<p>Pinedo asegur\u00f3: &#8220;Este es el \u00faltimo aumento de tarifas que hay, despu\u00e9s seguir\u00e1 aumentando con la inflaci\u00f3n como cualquier precio&#8221;.<\/p>\n<p>Sin embargo, subray\u00f3: &#8220;Es una inflaci\u00f3n que va a ir bajando y esta es la realidad de la Argentina&#8221;.<\/p>\n<p>En ese sentido, resalt\u00f3 que &#8220;en mayo que no hay aumentos, los precios van a bajar sustancialmente&#8221;.<\/p>\n<p>Fuente:www.noticiasargentinas.com<\/p>\n","protected":false},"excerpt":{"rendered":"<div class=\"mh-excerpt\"><p>El presidente provisional del Senado, Federico Pinedo, asegur\u00f3 este domingo que &#8220;este es el \u00faltimo aumento de tarifas que hay&#8221;, mientras confi\u00f3 en que la inflaci\u00f3n &#8220;va a ir bajando&#8221;. En medio de la pol\u00e9mica en torno al incremento de las tarifas y las fuertes cr\u00edticas por parte de la oposici\u00f3n respecto de la propuesta del Gobierno de &#8220;aplanar&#8221; las subas de gas, el legislador oficialista sostuvo: &#8220;Lleg\u00f3 un punto de colapso y estamos saliendo de esa mentira hacia una realidad con esfuerzo&#8221;. De ese modo, consider\u00f3 que &#8220;el tema de las tarifas es una de las cat\u00e1strofes argentinas&#8221;. Pinedo <a class=\"mh-excerpt-more\" href=\"http:\/\/dsrmedios.com.ar\/diario\/archivos\/5535\" title=\"Este ser\u00e1 el \u00faltimo aumento de tarifas aseguro el Presidente del Senado Nacional\">[Leer m\u00e1s]<\/a><\/p>\n<\/div>","protected":false},"author":5,"featured_media":5536,"comment_status":"open","ping_status":"closed","sticky":false,"template":"","format":"standard","meta":{"_jetpack_newsletter_access":""},"categories":[18,6],"tags":[],"jetpack_featured_media_url":"http:\/\/dsrmedios.com.ar\/diario\/wp-content\/uploads\/2018\/04\/pinedo.jpg","jetpack_sharing_enabled":true,"jetpack_shortlink":"https:\/\/wp.me\/p9fihK-1rh","_links":{"self":[{"href":"http:\/\/dsrmedios.com.ar\/diario\/wp-json\/wp\/v2\/posts\/5535"}],"collection":[{"href":"http:\/\/dsrmedios.com.ar\/diario\/wp-json\/wp\/v2\/posts"}],"about":[{"href":"http:\/\/dsrmedios.com.ar\/diario\/wp-json\/wp\/v2\/types\/post"}],"author":[{"embeddable":true,"href":"http:\/\/dsrmedios.com.ar\/diario\/wp-json\/wp\/v2\/users\/5"}],"replies":[{"embeddable":true,"href":"http:\/\/dsrmedios.com.ar\/diario\/wp-json\/wp\/v2\/comments?post=5535"}],"version-history":[{"count":1,"href":"http:\/\/dsrmedios.com.ar\/diario\/wp-json\/wp\/v2\/posts\/5535\/revisions"}],"predecessor-version":[{"id":5537,"href":"http:\/\/dsrmedios.com.ar\/diario\/wp-json\/wp\/v2\/posts\/5535\/revisions\/5537"}],"wp:featuredmedia":[{"embeddable":true,"href":"http:\/\/dsrmedios.com.ar\/diario\/wp-json\/wp\/v2\/media\/5536"}],"wp:attachment":[{"href":"http:\/\/dsrmedios.com.ar\/diario\/wp-json\/wp\/v2\/media?parent=5535"}],"wp:term":[{"taxonomy":"category","embeddable":true,"href":"http:\/\/dsrmedios.com.ar\/diario\/wp-json\/wp\/v2\/categories?post=5535"},{"taxonomy":"post_tag","embeddable":true,"href":"http:\/\/dsrmedios.com.ar\/diario\/wp-json\/wp\/v2\/tags?post=5535"}],"curies":[{"name":"wp","href":"https:\/\/api.w.org\/{rel}","templated":true}]}}