{"id":5532,"date":"2018-04-23T08:06:15","date_gmt":"2018-04-23T11:06:15","guid":{"rendered":"http:\/\/dsrmedios.com.ar\/diario\/?p=5532"},"modified":"2018-04-23T08:06:15","modified_gmt":"2018-04-23T11:06:15","slug":"se-inauguro-una-estatua-de-cuerpo-entero-del-dr-raul-ricardo-alfonsin-en-la-plata","status":"publish","type":"post","link":"http:\/\/dsrmedios.com.ar\/diario\/archivos\/5532","title":{"rendered":"Se inaugur\u00f3 una estatua de cuerpo entero del Dr. Ra\u00fal Ricardo Alfons\u00edn en La Plata"},"content":{"rendered":"<p>Con la presencia de importante dirigentes de Cambiemos y un mensaje grabado del presidente Mauricio Macri, se inaugur\u00f3 el viernes la estatua en homenaje a Ra\u00fal Alfons\u00edn en la Plaza Moreno de la ciudad de La Plata.<\/p>\n<p>En el acto ante cientos de personas que se dieron cita bajo la lluvia, estuvieron\u00a0el jefe del gabinete de la Naci\u00f3n, Marcos Pe\u00f1a, la gobernadora, Mar\u00eda Eugenia Vidal, el gobernador de Mendoza y presidente de la UCR nacional, Alfredo Cornejo, el vicegobernador y titular del radicalismo bonaerense, Daniel Salvador\u00a0(organizador de la iniciativa),\u00a0el gobernador de Jujuy, Gerardo Morales, y su par de Corrientes, Gustavo Vald\u00e9s, Tambi\u00e9n particip\u00f3 el ministro del Interior, Obras P\u00fablicas y Vivienda, Rogelio Frigerio.<\/p>\n<p>Al respecto, Vidal asegur\u00f3 al pronunciar un discurso en la inauguraci\u00f3n de un monumento que &#8220;Cambiemos no es ninguna persona en particular sino una profunda vocaci\u00f3n de cambio democr\u00e1tico&#8221;. Adem\u00e1s agreg\u00f3 que Cambiemos cree &#8220;en la diversidad, el di\u00e1logo, la justicia, en instituciones fuertes y en saldar la deuda social pendiente con personas que venimos de distintos lugares y que tenemos que aprender mucho unas de otras y tambi\u00e9n de los que no son de Cambiemos, y eso es un legado&#8221; del ex presidente.<\/p>\n<p>Por su parte, Pe\u00f1a asegur\u00f3 que el ex presidente fue &#8220;un dem\u00f3crata y una persona profundamente democr\u00e1tica&#8221;. E indic\u00f3 que Alfons\u00edn dej\u00f3 a los argentinos &#8220;una hoja ruta metodol\u00f3gica sobre qu\u00e9 valores se tienen que poner adelante&#8221;, y una &#8220;hoja de ruta para unirnos y saber hacia d\u00f3nde tenemos que ir&#8221;, anclada en &#8220;el valor de la paz y el valor de la Constituci\u00f3n Nacional&#8221;.<\/p>\n<p>fuente:www.annoticias.com<\/p>\n","protected":false},"excerpt":{"rendered":"<div class=\"mh-excerpt\"><p>Con la presencia de importante dirigentes de Cambiemos y un mensaje grabado del presidente Mauricio Macri, se inaugur\u00f3 el viernes la estatua en homenaje a Ra\u00fal Alfons\u00edn en la Plaza Moreno de la ciudad de La Plata. En el acto ante cientos de personas que se dieron cita bajo la lluvia, estuvieron\u00a0el jefe del gabinete de la Naci\u00f3n, Marcos Pe\u00f1a, la gobernadora, Mar\u00eda Eugenia Vidal, el gobernador de Mendoza y presidente de la UCR nacional, Alfredo Cornejo, el vicegobernador y titular del radicalismo bonaerense, Daniel Salvador\u00a0(organizador de la iniciativa),\u00a0el gobernador de Jujuy, Gerardo Morales, y su par de Corrientes, Gustavo <a class=\"mh-excerpt-more\" href=\"http:\/\/dsrmedios.com.ar\/diario\/archivos\/5532\" title=\"Se inaugur\u00f3 una estatua de cuerpo entero del Dr. Ra\u00fal Ricardo Alfons\u00edn en La Plata\">[Leer m\u00e1s]<\/a><\/p>\n<\/div>","protected":false},"author":5,"featured_media":5533,"comment_status":"open","ping_status":"closed","sticky":false,"template":"","format":"standard","meta":{"_jetpack_newsletter_access":""},"categories":[18,7],"tags":[],"jetpack_featured_media_url":"http:\/\/dsrmedios.com.ar\/diario\/wp-content\/uploads\/2018\/04\/alfonsin-1.jpg","jetpack_sharing_enabled":true,"jetpack_shortlink":"https:\/\/wp.me\/p9fihK-1re","_links":{"self":[{"href":"http:\/\/dsrmedios.com.ar\/diario\/wp-json\/wp\/v2\/posts\/5532"}],"collection":[{"href":"http:\/\/dsrmedios.com.ar\/diario\/wp-json\/wp\/v2\/posts"}],"about":[{"href":"http:\/\/dsrmedios.com.ar\/diario\/wp-json\/wp\/v2\/types\/post"}],"author":[{"embeddable":true,"href":"http:\/\/dsrmedios.com.ar\/diario\/wp-json\/wp\/v2\/users\/5"}],"replies":[{"embeddable":true,"href":"http:\/\/dsrmedios.com.ar\/diario\/wp-json\/wp\/v2\/comments?post=5532"}],"version-history":[{"count":1,"href":"http:\/\/dsrmedios.com.ar\/diario\/wp-json\/wp\/v2\/posts\/5532\/revisions"}],"predecessor-version":[{"id":5534,"href":"http:\/\/dsrmedios.com.ar\/diario\/wp-json\/wp\/v2\/posts\/5532\/revisions\/5534"}],"wp:featuredmedia":[{"embeddable":true,"href":"http:\/\/dsrmedios.com.ar\/diario\/wp-json\/wp\/v2\/media\/5533"}],"wp:attachment":[{"href":"http:\/\/dsrmedios.com.ar\/diario\/wp-json\/wp\/v2\/media?parent=5532"}],"wp:term":[{"taxonomy":"category","embeddable":true,"href":"http:\/\/dsrmedios.com.ar\/diario\/wp-json\/wp\/v2\/categories?post=5532"},{"taxonomy":"post_tag","embeddable":true,"href":"http:\/\/dsrmedios.com.ar\/diario\/wp-json\/wp\/v2\/tags?post=5532"}],"curies":[{"name":"wp","href":"https:\/\/api.w.org\/{rel}","templated":true}]}}