{"id":5515,"date":"2018-04-21T09:13:10","date_gmt":"2018-04-21T12:13:10","guid":{"rendered":"http:\/\/dsrmedios.com.ar\/diario\/?p=5515"},"modified":"2018-04-21T09:14:10","modified_gmt":"2018-04-21T12:14:10","slug":"david-hirtz-participo-del-foro-de-intendentes-de-cambiemos-en-la-ciudad-de-olavarria","status":"publish","type":"post","link":"http:\/\/dsrmedios.com.ar\/diario\/archivos\/5515","title":{"rendered":"David Hirtz particip\u00f3 del Foro de Intendentes de Cambiemos en la ciudad de Olavarr\u00eda"},"content":{"rendered":"<p>El Foro de Intendentes Bonaerenses de Cambiemos, deliber\u00f3 el jueves en un encuentro del que particip\u00f3 medio centenar de jefes comunales entre los que estaba el jefe comunal de nuestro distrito David Hirtz.<\/p>\n<p>Aunque la gobernadora Mar\u00eda Eugenia Vidal no se sum\u00f3 al c\u00f3nclave, s\u00ed envi\u00f3 en representaci\u00f3n suya al subsecretario de Infraestructura Hidr\u00e1ulica, Luis Gim\u00e9nez, quien inici\u00f3 las deliberaciones pasadas las 10 en el sal\u00f3n del Club Ferro, en la localidad de Sierras Bayas, partido de Olavarr\u00eda.<\/p>\n<p>La obra p\u00fablica y la consolidaci\u00f3n de la alianza entre las fuerzas pol\u00edticas que integran Cambiemos son los ejes del debate de hoy, seg\u00fan indicaron participantes del encuentro.<\/p>\n<p><a href=\"http:\/\/dsrmedios.com.ar\/diario\/wp-content\/uploads\/2018\/04\/foro2.jpg\"><img decoding=\"async\" loading=\"lazy\" class=\"aligncenter size-full wp-image-5518\" src=\"http:\/\/dsrmedios.com.ar\/diario\/wp-content\/uploads\/2018\/04\/foro2.jpg\" alt=\"\" width=\"620\" height=\"310\" srcset=\"http:\/\/dsrmedios.com.ar\/diario\/wp-content\/uploads\/2018\/04\/foro2.jpg 620w, http:\/\/dsrmedios.com.ar\/diario\/wp-content\/uploads\/2018\/04\/foro2-300x150.jpg 300w\" sizes=\"(max-width: 620px) 100vw, 620px\" \/><\/a><\/p>\n<p>Seg\u00fan informaron medios locales, en torno al primer foro de intendentes de Cambiemos del a\u00f1o, fue desplegado un fuerte operativo de seguridad.<\/p>\n<p>Entre las figuras presentes se contaban los intendentes Jorge Macri (Vicente L\u00f3pez), N\u00e9stor Grindetti (Lan\u00fas) Ramiro Tagliaferro (Mor\u00f3n) y Gustavo Posse (San Isidro) y Mart\u00edn Yeza (Pinamar), entre otros.<\/p>\n<p>En declaraciones a la radio local Cadena R\u00edo, Jorge Macri dijo esta ma\u00f1ana que del c\u00f3nclave iban a participar &#8220;casi todos&#8221; los jefes comunales de Cambiemos de la provincia de Buenos Aires, y explic\u00f3 que la gobernadora Mar\u00eda Eugenia Vidal no estar\u00eda presente por su actividad oficial en el interior del distrito y, por el mismo motivo, algunos intendentes no estar\u00edan porque &#8220;se quedan en sus distritos para recibirla\u201d.<\/p>\n<p>En tanto, al ser consultado sobre la anunciada presencia de un &#8220;ministro nacional&#8221; en el encuentro, Jorge Macri anticip\u00f3 que ser\u00eda el ministro de Transporte de la Naci\u00f3n Guillermo Dietrich, quien -dijo- &#8220;nos contar\u00e1 planes de infraestructura, rutas, trenes\u201d.<\/p>\n","protected":false},"excerpt":{"rendered":"<div class=\"mh-excerpt\"><p>El Foro de Intendentes Bonaerenses de Cambiemos, deliber\u00f3 el jueves en un encuentro del que particip\u00f3 medio centenar de jefes comunales entre los que estaba el jefe comunal de nuestro distrito David Hirtz. Aunque la gobernadora Mar\u00eda Eugenia Vidal no se sum\u00f3 al c\u00f3nclave, s\u00ed envi\u00f3 en representaci\u00f3n suya al subsecretario de Infraestructura Hidr\u00e1ulica, Luis Gim\u00e9nez, quien inici\u00f3 las deliberaciones pasadas las 10 en el sal\u00f3n del Club Ferro, en la localidad de Sierras Bayas, partido de Olavarr\u00eda. La obra p\u00fablica y la consolidaci\u00f3n de la alianza entre las fuerzas pol\u00edticas que integran Cambiemos son los ejes del debate de <a class=\"mh-excerpt-more\" href=\"http:\/\/dsrmedios.com.ar\/diario\/archivos\/5515\" title=\"David Hirtz particip\u00f3 del Foro de Intendentes de Cambiemos en la ciudad de Olavarr\u00eda\">[Leer m\u00e1s]<\/a><\/p>\n<\/div>","protected":false},"author":5,"featured_media":5516,"comment_status":"open","ping_status":"closed","sticky":false,"template":"","format":"standard","meta":{"_jetpack_newsletter_access":""},"categories":[18,31],"tags":[],"jetpack_featured_media_url":"http:\/\/dsrmedios.com.ar\/diario\/wp-content\/uploads\/2018\/04\/forodavid.jpg","jetpack_sharing_enabled":true,"jetpack_shortlink":"https:\/\/wp.me\/p9fihK-1qX","_links":{"self":[{"href":"http:\/\/dsrmedios.com.ar\/diario\/wp-json\/wp\/v2\/posts\/5515"}],"collection":[{"href":"http:\/\/dsrmedios.com.ar\/diario\/wp-json\/wp\/v2\/posts"}],"about":[{"href":"http:\/\/dsrmedios.com.ar\/diario\/wp-json\/wp\/v2\/types\/post"}],"author":[{"embeddable":true,"href":"http:\/\/dsrmedios.com.ar\/diario\/wp-json\/wp\/v2\/users\/5"}],"replies":[{"embeddable":true,"href":"http:\/\/dsrmedios.com.ar\/diario\/wp-json\/wp\/v2\/comments?post=5515"}],"version-history":[{"count":2,"href":"http:\/\/dsrmedios.com.ar\/diario\/wp-json\/wp\/v2\/posts\/5515\/revisions"}],"predecessor-version":[{"id":5519,"href":"http:\/\/dsrmedios.com.ar\/diario\/wp-json\/wp\/v2\/posts\/5515\/revisions\/5519"}],"wp:featuredmedia":[{"embeddable":true,"href":"http:\/\/dsrmedios.com.ar\/diario\/wp-json\/wp\/v2\/media\/5516"}],"wp:attachment":[{"href":"http:\/\/dsrmedios.com.ar\/diario\/wp-json\/wp\/v2\/media?parent=5515"}],"wp:term":[{"taxonomy":"category","embeddable":true,"href":"http:\/\/dsrmedios.com.ar\/diario\/wp-json\/wp\/v2\/categories?post=5515"},{"taxonomy":"post_tag","embeddable":true,"href":"http:\/\/dsrmedios.com.ar\/diario\/wp-json\/wp\/v2\/tags?post=5515"}],"curies":[{"name":"wp","href":"https:\/\/api.w.org\/{rel}","templated":true}]}}