{"id":5501,"date":"2018-04-20T08:01:19","date_gmt":"2018-04-20T11:01:19","guid":{"rendered":"http:\/\/dsrmedios.com.ar\/diario\/?p=5501"},"modified":"2018-04-20T08:01:19","modified_gmt":"2018-04-20T11:01:19","slug":"una-encuesta-en-el-conurbano-dice-que-la-gente-confia-mas-en-vidal-que-en-macri","status":"publish","type":"post","link":"http:\/\/dsrmedios.com.ar\/diario\/archivos\/5501","title":{"rendered":"Una encuesta en el Conurbano dice que la gente conf\u00eda m\u00e1s en Vidal que en Macri"},"content":{"rendered":"<p>Los casos analizados responden a la Primera y Tercera secci\u00f3n electoral y se realiz\u00f3 en 37 partidos. La mayor\u00eda de ellos abarcan el Conurbano aunque tambi\u00e9n hay municipios del interior. Mientras que el Presidente conserva un rechazo de su gesti\u00f3n que roza el 47% de opini\u00f3n negativa frente a un 31% de valoraci\u00f3n positiva, la mandataria provincial concentra un 42,6% de calificaciones positivas y un 37,7% de desaprobaci\u00f3n.<br \/>\nUna encuesta del Conurbano se\u00f1ala que la gente conf\u00eda m\u00e1s en la gesti\u00f3n de Vidal que en la de Macri<br \/>\nMar\u00eda Eugenia Vidal afianza su imagen y se instala como la figura de Cambiemos. Una encuesta realizada sobre 912 casos por Circuitos compara la confianza de la gente tanto en las gestiones de Mauricio Macri como la de la gobernadora bonaerense y exhibe n\u00fameros que muestran a la mandataria provincial muy por arriba de las consideraciones<\/p>\n<p>Los casos analizados responden a la Primera y Tercera secci\u00f3n electoral y se realiz\u00f3 en 37 partidos. La mayor\u00eda de ellos abarcan el Conurbano aunque tambi\u00e9n hay municipios del interior.<\/p>\n<p>En ese sentido, la encuesta que tambi\u00e9n midi\u00f3 la percepci\u00f3n que la gente tiene sobre la situaci\u00f3n actual del pa\u00eds no arroj\u00f3 resultados del todo alentadores para el oficialismo ya que apenas poco m\u00e1s del 20% de los perfiles preguntados se\u00f1alaron que es \u201cbuena\u201d y \u201cmuy buena\u201d.<\/p>\n<p>En tanto, en torno a las medidas tomadas por el Presidente, el 56,6% de la gente consider\u00f3 que las mismas no benefician al pa\u00eds mientras que apenas un 25,5% apunto que si lo hacen. Un 18,1% considerpo que \u201cni perjudica, ni beneficia al pa\u00eds\u201d.<\/p>\n<p>&nbsp;<\/p>\n<p>Sobre el pa\u00eds que viene, la mayor\u00eda de los encuestados manifest\u00f3 tener una mirada negativa. El 53,5% apunt\u00f3 que va a empeorar mientas que un 23,5% consider\u00f3 que mejorar\u00e1.<\/p>\n","protected":false},"excerpt":{"rendered":"<div class=\"mh-excerpt\"><p>Los casos analizados responden a la Primera y Tercera secci\u00f3n electoral y se realiz\u00f3 en 37 partidos. La mayor\u00eda de ellos abarcan el Conurbano aunque tambi\u00e9n hay municipios del interior. Mientras que el Presidente conserva un rechazo de su gesti\u00f3n que roza el 47% de opini\u00f3n negativa frente a un 31% de valoraci\u00f3n positiva, la mandataria provincial concentra un 42,6% de calificaciones positivas y un 37,7% de desaprobaci\u00f3n. Una encuesta del Conurbano se\u00f1ala que la gente conf\u00eda m\u00e1s en la gesti\u00f3n de Vidal que en la de Macri Mar\u00eda Eugenia Vidal afianza su imagen y se instala como la figura <a class=\"mh-excerpt-more\" href=\"http:\/\/dsrmedios.com.ar\/diario\/archivos\/5501\" title=\"Una encuesta en el Conurbano dice que la gente conf\u00eda m\u00e1s en Vidal que en Macri\">[Leer m\u00e1s]<\/a><\/p>\n<\/div>","protected":false},"author":5,"featured_media":3335,"comment_status":"open","ping_status":"closed","sticky":false,"template":"","format":"standard","meta":{"_jetpack_newsletter_access":""},"categories":[7],"tags":[],"jetpack_featured_media_url":"http:\/\/dsrmedios.com.ar\/diario\/wp-content\/uploads\/2018\/01\/maria-eugenia-vidal-2222002w948.jpg","jetpack_sharing_enabled":true,"jetpack_shortlink":"https:\/\/wp.me\/p9fihK-1qJ","_links":{"self":[{"href":"http:\/\/dsrmedios.com.ar\/diario\/wp-json\/wp\/v2\/posts\/5501"}],"collection":[{"href":"http:\/\/dsrmedios.com.ar\/diario\/wp-json\/wp\/v2\/posts"}],"about":[{"href":"http:\/\/dsrmedios.com.ar\/diario\/wp-json\/wp\/v2\/types\/post"}],"author":[{"embeddable":true,"href":"http:\/\/dsrmedios.com.ar\/diario\/wp-json\/wp\/v2\/users\/5"}],"replies":[{"embeddable":true,"href":"http:\/\/dsrmedios.com.ar\/diario\/wp-json\/wp\/v2\/comments?post=5501"}],"version-history":[{"count":1,"href":"http:\/\/dsrmedios.com.ar\/diario\/wp-json\/wp\/v2\/posts\/5501\/revisions"}],"predecessor-version":[{"id":5502,"href":"http:\/\/dsrmedios.com.ar\/diario\/wp-json\/wp\/v2\/posts\/5501\/revisions\/5502"}],"wp:featuredmedia":[{"embeddable":true,"href":"http:\/\/dsrmedios.com.ar\/diario\/wp-json\/wp\/v2\/media\/3335"}],"wp:attachment":[{"href":"http:\/\/dsrmedios.com.ar\/diario\/wp-json\/wp\/v2\/media?parent=5501"}],"wp:term":[{"taxonomy":"category","embeddable":true,"href":"http:\/\/dsrmedios.com.ar\/diario\/wp-json\/wp\/v2\/categories?post=5501"},{"taxonomy":"post_tag","embeddable":true,"href":"http:\/\/dsrmedios.com.ar\/diario\/wp-json\/wp\/v2\/tags?post=5501"}],"curies":[{"name":"wp","href":"https:\/\/api.w.org\/{rel}","templated":true}]}}