{"id":5497,"date":"2018-04-20T07:53:20","date_gmt":"2018-04-20T10:53:20","guid":{"rendered":"http:\/\/dsrmedios.com.ar\/diario\/?p=5497"},"modified":"2018-04-20T07:53:20","modified_gmt":"2018-04-20T10:53:20","slug":"el-gobierno-permitira-pagar-en-cuotas-los-aumentos-tarifarios-del-gas-en-invierno","status":"publish","type":"post","link":"http:\/\/dsrmedios.com.ar\/diario\/archivos\/5497","title":{"rendered":"El gobierno permitir\u00e1 pagar en cuotas los aumentos tarifarios del gas en invierno"},"content":{"rendered":"<p>El gobierno nacional decidi\u00f3 avanzar en un \u201caplanamiento de las tarifas\u201d de gas para los per\u00edodos de mayor consumo y la posibilidad de pagar en cuotas, luego de la reuni\u00f3n que realiz\u00f3 entre funcionarios de Naci\u00f3n y referentes de las fuerzas pol\u00edticas que componen Cambiemos.<\/p>\n<p>Todo se resolvi\u00f3 en la Casa Rosada en una cita encabezada por Marcos Pe\u00f1a, jefe de Gabinete de Mauricio Macri, con Federico Pinedo -presidente provisional del Senado-, Emilio Monz\u00f3 -titular de la C\u00e1mara de Diputados-, Nicol\u00e1s Massot -jefe de bloque del PRO-, Mario Negri de la UCR y Juan Manuel L\u00f3pez, por la Coalici\u00f3n C\u00edvica.\u200b<\/p>\n<p>&#8220;Ac\u00e1 hay realismo, ni populismo ni demagogia&#8221;, dijo Mario Negri tras la reuni\u00f3n. Por su parte, Nicol\u00e1s Massot afirm\u00f3 &#8220;hay que tomar decisiones alternativas a las tomadas originalmente&#8221;. Y cerr\u00f3 el gobernador radical Cornejo quien asegur\u00f3 que &#8220;de las tres propuestas que hicimos dos han sido aceptadas&#8221;.<\/p>\n<p>Macri ya hab\u00eda advertido que abr\u00eda el canal de negociaci\u00f3n con la condici\u00f3n de que ninguna iniciativa pudiera comprometer la meta de reducir el d\u00e9ficit fiscal y algunos asistentes buscaron bajarle el tono a las expectativas sobre cambios sustanciales en la pol\u00edtica tarifaria.<\/p>\n<p>El acuerdo pact\u00f3 &#8220;posponer el pago del \u00faltimo aumento&#8221; en la tarifa del gas &#8220;en tres cuotas bimestrales&#8221;, distribuidas en las facturas emitidas &#8220;entre el 1 de julio y el 31 de octubre\u201d.<\/p>\n<p>fuente:www.aninoticias.com<\/p>\n","protected":false},"excerpt":{"rendered":"<div class=\"mh-excerpt\"><p>El gobierno nacional decidi\u00f3 avanzar en un \u201caplanamiento de las tarifas\u201d de gas para los per\u00edodos de mayor consumo y la posibilidad de pagar en cuotas, luego de la reuni\u00f3n que realiz\u00f3 entre funcionarios de Naci\u00f3n y referentes de las fuerzas pol\u00edticas que componen Cambiemos. Todo se resolvi\u00f3 en la Casa Rosada en una cita encabezada por Marcos Pe\u00f1a, jefe de Gabinete de Mauricio Macri, con Federico Pinedo -presidente provisional del Senado-, Emilio Monz\u00f3 -titular de la C\u00e1mara de Diputados-, Nicol\u00e1s Massot -jefe de bloque del PRO-, Mario Negri de la UCR y Juan Manuel L\u00f3pez, por la Coalici\u00f3n C\u00edvica.\u200b <a class=\"mh-excerpt-more\" href=\"http:\/\/dsrmedios.com.ar\/diario\/archivos\/5497\" title=\"El gobierno permitir\u00e1 pagar en cuotas los aumentos tarifarios del gas en invierno\">[Leer m\u00e1s]<\/a><\/p>\n<\/div>","protected":false},"author":5,"featured_media":2967,"comment_status":"open","ping_status":"closed","sticky":false,"template":"","format":"standard","meta":{"_jetpack_newsletter_access":""},"categories":[6],"tags":[],"jetpack_featured_media_url":"http:\/\/dsrmedios.com.ar\/diario\/wp-content\/uploads\/2017\/12\/gasaso.jpg","jetpack_sharing_enabled":true,"jetpack_shortlink":"https:\/\/wp.me\/p9fihK-1qF","_links":{"self":[{"href":"http:\/\/dsrmedios.com.ar\/diario\/wp-json\/wp\/v2\/posts\/5497"}],"collection":[{"href":"http:\/\/dsrmedios.com.ar\/diario\/wp-json\/wp\/v2\/posts"}],"about":[{"href":"http:\/\/dsrmedios.com.ar\/diario\/wp-json\/wp\/v2\/types\/post"}],"author":[{"embeddable":true,"href":"http:\/\/dsrmedios.com.ar\/diario\/wp-json\/wp\/v2\/users\/5"}],"replies":[{"embeddable":true,"href":"http:\/\/dsrmedios.com.ar\/diario\/wp-json\/wp\/v2\/comments?post=5497"}],"version-history":[{"count":1,"href":"http:\/\/dsrmedios.com.ar\/diario\/wp-json\/wp\/v2\/posts\/5497\/revisions"}],"predecessor-version":[{"id":5498,"href":"http:\/\/dsrmedios.com.ar\/diario\/wp-json\/wp\/v2\/posts\/5497\/revisions\/5498"}],"wp:featuredmedia":[{"embeddable":true,"href":"http:\/\/dsrmedios.com.ar\/diario\/wp-json\/wp\/v2\/media\/2967"}],"wp:attachment":[{"href":"http:\/\/dsrmedios.com.ar\/diario\/wp-json\/wp\/v2\/media?parent=5497"}],"wp:term":[{"taxonomy":"category","embeddable":true,"href":"http:\/\/dsrmedios.com.ar\/diario\/wp-json\/wp\/v2\/categories?post=5497"},{"taxonomy":"post_tag","embeddable":true,"href":"http:\/\/dsrmedios.com.ar\/diario\/wp-json\/wp\/v2\/tags?post=5497"}],"curies":[{"name":"wp","href":"https:\/\/api.w.org\/{rel}","templated":true}]}}