{"id":5495,"date":"2018-04-20T07:49:12","date_gmt":"2018-04-20T10:49:12","guid":{"rendered":"http:\/\/dsrmedios.com.ar\/diario\/?p=5495"},"modified":"2018-04-20T07:49:12","modified_gmt":"2018-04-20T10:49:12","slug":"el-proximo-30-de-abril-sera-feriado-puente-con-motivo-del-dia-del-trabajador","status":"publish","type":"post","link":"http:\/\/dsrmedios.com.ar\/diario\/archivos\/5495","title":{"rendered":"El pr\u00f3ximo 30 de abril ser\u00e1 feriado puente con motivo del D\u00eda del Trabajador"},"content":{"rendered":"<p>A fines del a\u00f1o pasado, el gobierno nacional restableci\u00f3 por decreto los &#8220;feriados puente&#8221; para 2018 y 2019, en virtud de una ley que hab\u00eda sido impulsada por Maurice Closs y aprobada en el Congreso.<\/p>\n<p>La medida oficial permite fijar anualmente hasta tres d\u00edas no laborables con el fin de incentivar el turismo. Esas jornadas deben ser lunes o viernes.<\/p>\n<div class=\"teads-inread\">\n<div>\n<div id=\"teads0\" class=\"teads-player\">Para 2018 se defini\u00f3 como d\u00edas no laborables el 30 de abril y el 24 y 31 de diciembre. As\u00ed, el 30 de este mes ser\u00e1 el primer &#8220;puente&#8221; del a\u00f1o y llega justo antes del D\u00eda del Trabajador, por lo que establecer\u00e1 un fin de semana &#8220;extra largo&#8221; de cuatro d\u00edas.<\/div>\n<\/div>\n<\/div>\n<p>Pero atenci\u00f3n: esto no regir\u00e1 para todos. Al ser la primera vez que se aplica este mecanismo, se origin\u00f3 una pol\u00e9mica en el sector privado: \u00bfcu\u00e1l es la diferencia entre d\u00eda no laborable y feriado?<\/p>\n<p>El feriado funciona como un d\u00eda franco para todos los trabajadores. En caso de que igualmente sean citados a prestar servicios, deben tener \u2013seg\u00fan el convenio correspondiente a cada actividad\u2013 una bonificaci\u00f3n en el jornal. En cambio, en los d\u00edas no laborables, es potestad de la empresa convocar a sus empleados o darles el d\u00eda libre.<\/p>\n<p>El pr\u00f3ximo lunes 30 de abril es un d\u00eda no laborable y cada compa\u00f1\u00eda tiene entonces la potestad de definir si le da asueto o no a sus trabajadores. En este caso, la ley no establece una bonificaci\u00f3n especial para quienes sean convocados a trabajar.<\/p>\n<div class=\"teads-inread\">\n<div>\n<div class=\"teads-ui-components-credits\">Como en todo d\u00eda no laborable, el 30 de abril no habr\u00e1 actividad en la administraci\u00f3n p\u00fablica, por lo que los estatales tendr\u00e1n la jornada libre. Tampoco se dictar\u00e1n clases en escuelas y universidades.<\/div>\n<\/div>\n<\/div>\n<p>Fuente:www.infobae.com<\/p>\n","protected":false},"excerpt":{"rendered":"<div class=\"mh-excerpt\"><p>A fines del a\u00f1o pasado, el gobierno nacional restableci\u00f3 por decreto los &#8220;feriados puente&#8221; para 2018 y 2019, en virtud de una ley que hab\u00eda sido impulsada por Maurice Closs y aprobada en el Congreso. La medida oficial permite fijar anualmente hasta tres d\u00edas no laborables con el fin de incentivar el turismo. Esas jornadas deben ser lunes o viernes. Para 2018 se defini\u00f3 como d\u00edas no laborables el 30 de abril y el 24 y 31 de diciembre. As\u00ed, el 30 de este mes ser\u00e1 el primer &#8220;puente&#8221; del a\u00f1o y llega justo antes del D\u00eda del Trabajador, por <a class=\"mh-excerpt-more\" href=\"http:\/\/dsrmedios.com.ar\/diario\/archivos\/5495\" title=\"El pr\u00f3ximo 30 de abril ser\u00e1 feriado puente con motivo del D\u00eda del Trabajador\">[Leer m\u00e1s]<\/a><\/p>\n<\/div>","protected":false},"author":5,"featured_media":4997,"comment_status":"open","ping_status":"closed","sticky":false,"template":"","format":"standard","meta":{"_jetpack_newsletter_access":""},"categories":[6],"tags":[],"jetpack_featured_media_url":"http:\/\/dsrmedios.com.ar\/diario\/wp-content\/uploads\/2018\/03\/feriados.jpg","jetpack_sharing_enabled":true,"jetpack_shortlink":"https:\/\/wp.me\/p9fihK-1qD","_links":{"self":[{"href":"http:\/\/dsrmedios.com.ar\/diario\/wp-json\/wp\/v2\/posts\/5495"}],"collection":[{"href":"http:\/\/dsrmedios.com.ar\/diario\/wp-json\/wp\/v2\/posts"}],"about":[{"href":"http:\/\/dsrmedios.com.ar\/diario\/wp-json\/wp\/v2\/types\/post"}],"author":[{"embeddable":true,"href":"http:\/\/dsrmedios.com.ar\/diario\/wp-json\/wp\/v2\/users\/5"}],"replies":[{"embeddable":true,"href":"http:\/\/dsrmedios.com.ar\/diario\/wp-json\/wp\/v2\/comments?post=5495"}],"version-history":[{"count":1,"href":"http:\/\/dsrmedios.com.ar\/diario\/wp-json\/wp\/v2\/posts\/5495\/revisions"}],"predecessor-version":[{"id":5496,"href":"http:\/\/dsrmedios.com.ar\/diario\/wp-json\/wp\/v2\/posts\/5495\/revisions\/5496"}],"wp:featuredmedia":[{"embeddable":true,"href":"http:\/\/dsrmedios.com.ar\/diario\/wp-json\/wp\/v2\/media\/4997"}],"wp:attachment":[{"href":"http:\/\/dsrmedios.com.ar\/diario\/wp-json\/wp\/v2\/media?parent=5495"}],"wp:term":[{"taxonomy":"category","embeddable":true,"href":"http:\/\/dsrmedios.com.ar\/diario\/wp-json\/wp\/v2\/categories?post=5495"},{"taxonomy":"post_tag","embeddable":true,"href":"http:\/\/dsrmedios.com.ar\/diario\/wp-json\/wp\/v2\/tags?post=5495"}],"curies":[{"name":"wp","href":"https:\/\/api.w.org\/{rel}","templated":true}]}}