{"id":5493,"date":"2018-04-20T07:45:15","date_gmt":"2018-04-20T10:45:15","guid":{"rendered":"http:\/\/dsrmedios.com.ar\/diario\/?p=5493"},"modified":"2018-04-20T07:45:15","modified_gmt":"2018-04-20T10:45:15","slug":"la-gobernacion-habilito-un-0800-para-reclamar-por-errores-en-las-facturas-de-servicios","status":"publish","type":"post","link":"http:\/\/dsrmedios.com.ar\/diario\/archivos\/5493","title":{"rendered":"La Gobernaci\u00f3n habilit\u00f3 un 0800 para reclamar por errores en las facturas de servicios"},"content":{"rendered":"<p>Mar\u00eda Eugenia Vidal anticip\u00f3 que la provincia de Buenos Aires pondr\u00e1 a disposici\u00f3n, a partir del pr\u00f3ximo lunes, una l\u00ednea 0800, que funcionar\u00e1 las 24 horas, para que los usuarios de los servicios p\u00fablicos bonaerenses puedan presentar su queja en caso de que las boletas tiene cargos que consideren que no corresponde.<\/p>\n<p>Vidal explic\u00f3: &#8220;Cuando la gente reciba una factura que considera que tiene cargos que no corresponden va a poder llamar y por mail nos va a poder mandar la factura para que nosotros auditemos si esta factura esta bien o esta mal y le demos una respuesta en 48 horas&#8221;.<\/p>\n<p><strong>Los usuarios deber\u00e1n dejar su queja en la l\u00ednea 0800-333-6384.<\/strong><\/p>\n<p>&#8220;Si est\u00e1 mal hecha o esta mal cargada le vamos a aplicar las multas que haga falta&#8221;. Si las empresas de servicios p\u00fablicos son nacionales, les corresponder\u00e1 al gobierno nacional y si son provinciales, como el caso de las cooperativas de electricidad, lo har\u00e1n las autoridades bonaerenses, aclar\u00f3.<\/p>\n<p>&#8220;Adem\u00e1s -agreg\u00f3- se va a dar una explicaci\u00f3n de c\u00f3mo es el aumento, c\u00f3mo pueden pagarlo y esto va a ayudar a mucha a la gente que no sabe donde ir; la podemos orientar y puede saber si lo que est\u00e1 pagando es un aumento que tiene que pagar o es algo desproporcionado. A veces en las cooperativas del interior se incluyen cargas que no tienen que ver con el aumento de la energ\u00eda; tenemos que estar atentos para ayudar al bolsillo de la gente&#8221;, complet\u00f3 durante una entrevista en TN.<\/p>\n<p>Respecto a las decisiones que tom\u00f3 el Gobierno sobre la tarifa de gas durante el invierno, explic\u00f3: &#8220;El aumento de los meses de mayor consumo, que va desde julio hasta octubre se va a poder pagar no en esos meses, sino en los tres bimestres siguientes, es decir hacia fin de a\u00f1o y los cuatro primeros meses de 2019. De alguna manera ese aumento las familias lo van a sentir menos a partir de esta decisi\u00f3n&#8221;.<\/p>\n","protected":false},"excerpt":{"rendered":"<div class=\"mh-excerpt\"><p>Mar\u00eda Eugenia Vidal anticip\u00f3 que la provincia de Buenos Aires pondr\u00e1 a disposici\u00f3n, a partir del pr\u00f3ximo lunes, una l\u00ednea 0800, que funcionar\u00e1 las 24 horas, para que los usuarios de los servicios p\u00fablicos bonaerenses puedan presentar su queja en caso de que las boletas tiene cargos que consideren que no corresponde. Vidal explic\u00f3: &#8220;Cuando la gente reciba una factura que considera que tiene cargos que no corresponden va a poder llamar y por mail nos va a poder mandar la factura para que nosotros auditemos si esta factura esta bien o esta mal y le demos una respuesta en <a class=\"mh-excerpt-more\" href=\"http:\/\/dsrmedios.com.ar\/diario\/archivos\/5493\" title=\"La Gobernaci\u00f3n habilit\u00f3 un 0800 para reclamar por errores en las facturas de servicios\">[Leer m\u00e1s]<\/a><\/p>\n<\/div>","protected":false},"author":5,"featured_media":619,"comment_status":"open","ping_status":"closed","sticky":false,"template":"","format":"standard","meta":{"_jetpack_newsletter_access":""},"categories":[7],"tags":[],"jetpack_featured_media_url":"http:\/\/dsrmedios.com.ar\/diario\/wp-content\/uploads\/2017\/09\/vidal88.jpg","jetpack_sharing_enabled":true,"jetpack_shortlink":"https:\/\/wp.me\/p9fihK-1qB","_links":{"self":[{"href":"http:\/\/dsrmedios.com.ar\/diario\/wp-json\/wp\/v2\/posts\/5493"}],"collection":[{"href":"http:\/\/dsrmedios.com.ar\/diario\/wp-json\/wp\/v2\/posts"}],"about":[{"href":"http:\/\/dsrmedios.com.ar\/diario\/wp-json\/wp\/v2\/types\/post"}],"author":[{"embeddable":true,"href":"http:\/\/dsrmedios.com.ar\/diario\/wp-json\/wp\/v2\/users\/5"}],"replies":[{"embeddable":true,"href":"http:\/\/dsrmedios.com.ar\/diario\/wp-json\/wp\/v2\/comments?post=5493"}],"version-history":[{"count":1,"href":"http:\/\/dsrmedios.com.ar\/diario\/wp-json\/wp\/v2\/posts\/5493\/revisions"}],"predecessor-version":[{"id":5494,"href":"http:\/\/dsrmedios.com.ar\/diario\/wp-json\/wp\/v2\/posts\/5493\/revisions\/5494"}],"wp:featuredmedia":[{"embeddable":true,"href":"http:\/\/dsrmedios.com.ar\/diario\/wp-json\/wp\/v2\/media\/619"}],"wp:attachment":[{"href":"http:\/\/dsrmedios.com.ar\/diario\/wp-json\/wp\/v2\/media?parent=5493"}],"wp:term":[{"taxonomy":"category","embeddable":true,"href":"http:\/\/dsrmedios.com.ar\/diario\/wp-json\/wp\/v2\/categories?post=5493"},{"taxonomy":"post_tag","embeddable":true,"href":"http:\/\/dsrmedios.com.ar\/diario\/wp-json\/wp\/v2\/tags?post=5493"}],"curies":[{"name":"wp","href":"https:\/\/api.w.org\/{rel}","templated":true}]}}