{"id":5478,"date":"2018-04-19T08:20:03","date_gmt":"2018-04-19T11:20:03","guid":{"rendered":"http:\/\/dsrmedios.com.ar\/diario\/?p=5478"},"modified":"2018-04-19T08:20:03","modified_gmt":"2018-04-19T11:20:03","slug":"convocan-a-un-ruidazo-nacional-para-hoy-a-las-20hs-en-reclamo-por-los-aumentos-de-tarifas","status":"publish","type":"post","link":"http:\/\/dsrmedios.com.ar\/diario\/archivos\/5478","title":{"rendered":"Convocan a un ruidazo nacional para hoy a las 20hs en reclamo por los aumentos de tarifas"},"content":{"rendered":"<p>Usuarios de servicios p\u00fablicos, junto a organizaciones pol\u00edticas y sindicales, llevar\u00e1n a cabo a partir de las 20 de hoy, un &#8220;ruidazo nacional&#8221; para protestar contra los reiterados aumentos de tarifas.<\/p>\n<p>La convocatoria, destinada a frenar las subas de luz, gas, agua, prepagtas, peajes o transportes, se ha motorizado a trav\u00e9s de las redes sociales, con puntos de encuentro en distritos bonaerenses como La Plata, Tigre, Adrogu\u00e9, Lan\u00fas, Lomas de Zamora, Mor\u00f3n, Florencio Varela o San Fernando.<\/p>\n<p>La convocatoria coincide con la sesi\u00f3n especial que tendr\u00e1 lugar en el Congreso, en la el Frente para la Victoria, junto al massismo y otros bloques opositores, propondr\u00e1n un congelamiento de tarifas de servicios p\u00fablicos y retrotraer los precios a diciembre de 2017.<\/p>\n<p>fuente:www.latecla.com<\/p>\n","protected":false},"excerpt":{"rendered":"<div class=\"mh-excerpt\"><p>Usuarios de servicios p\u00fablicos, junto a organizaciones pol\u00edticas y sindicales, llevar\u00e1n a cabo a partir de las 20 de hoy, un &#8220;ruidazo nacional&#8221; para protestar contra los reiterados aumentos de tarifas. La convocatoria, destinada a frenar las subas de luz, gas, agua, prepagtas, peajes o transportes, se ha motorizado a trav\u00e9s de las redes sociales, con puntos de encuentro en distritos bonaerenses como La Plata, Tigre, Adrogu\u00e9, Lan\u00fas, Lomas de Zamora, Mor\u00f3n, Florencio Varela o San Fernando. La convocatoria coincide con la sesi\u00f3n especial que tendr\u00e1 lugar en el Congreso, en la el Frente para la Victoria, junto al massismo <a class=\"mh-excerpt-more\" href=\"http:\/\/dsrmedios.com.ar\/diario\/archivos\/5478\" title=\"Convocan a un ruidazo nacional para hoy a las 20hs en reclamo por los aumentos de tarifas\">[Leer m\u00e1s]<\/a><\/p>\n<\/div>","protected":false},"author":5,"featured_media":5479,"comment_status":"open","ping_status":"closed","sticky":false,"template":"","format":"standard","meta":{"_jetpack_newsletter_access":""},"categories":[18,6],"tags":[],"jetpack_featured_media_url":"http:\/\/dsrmedios.com.ar\/diario\/wp-content\/uploads\/2018\/04\/ruidazo.jpg","jetpack_sharing_enabled":true,"jetpack_shortlink":"https:\/\/wp.me\/p9fihK-1qm","_links":{"self":[{"href":"http:\/\/dsrmedios.com.ar\/diario\/wp-json\/wp\/v2\/posts\/5478"}],"collection":[{"href":"http:\/\/dsrmedios.com.ar\/diario\/wp-json\/wp\/v2\/posts"}],"about":[{"href":"http:\/\/dsrmedios.com.ar\/diario\/wp-json\/wp\/v2\/types\/post"}],"author":[{"embeddable":true,"href":"http:\/\/dsrmedios.com.ar\/diario\/wp-json\/wp\/v2\/users\/5"}],"replies":[{"embeddable":true,"href":"http:\/\/dsrmedios.com.ar\/diario\/wp-json\/wp\/v2\/comments?post=5478"}],"version-history":[{"count":1,"href":"http:\/\/dsrmedios.com.ar\/diario\/wp-json\/wp\/v2\/posts\/5478\/revisions"}],"predecessor-version":[{"id":5480,"href":"http:\/\/dsrmedios.com.ar\/diario\/wp-json\/wp\/v2\/posts\/5478\/revisions\/5480"}],"wp:featuredmedia":[{"embeddable":true,"href":"http:\/\/dsrmedios.com.ar\/diario\/wp-json\/wp\/v2\/media\/5479"}],"wp:attachment":[{"href":"http:\/\/dsrmedios.com.ar\/diario\/wp-json\/wp\/v2\/media?parent=5478"}],"wp:term":[{"taxonomy":"category","embeddable":true,"href":"http:\/\/dsrmedios.com.ar\/diario\/wp-json\/wp\/v2\/categories?post=5478"},{"taxonomy":"post_tag","embeddable":true,"href":"http:\/\/dsrmedios.com.ar\/diario\/wp-json\/wp\/v2\/tags?post=5478"}],"curies":[{"name":"wp","href":"https:\/\/api.w.org\/{rel}","templated":true}]}}