{"id":5469,"date":"2018-04-19T08:05:22","date_gmt":"2018-04-19T11:05:22","guid":{"rendered":"http:\/\/dsrmedios.com.ar\/diario\/?p=5469"},"modified":"2018-04-19T08:05:22","modified_gmt":"2018-04-19T11:05:22","slug":"por-favor-no-deje-de-leer-este-articulo-la-mala-fe-es-mas-peligrosa-que-la-ignorancia","status":"publish","type":"post","link":"http:\/\/dsrmedios.com.ar\/diario\/archivos\/5469","title":{"rendered":"Por favor no deje de leer este art\u00edculo: La mala f\u00e9 es m\u00e1s peligrosa que la ignorancia"},"content":{"rendered":"<p>&nbsp;<\/p>\n<p><strong>La mala f\u00e9 est\u00e1 a la \u00f3rden del d\u00eda a trav\u00e9s de las redes sociales y en el caso de las declaraciones atribu\u00eddas al historiador Felipe Pigna, est\u00e1n agravadas por la ignorancia del mismo al desconocer un protocolo Nacional y sus diferentes valores. Esta nota esclarecedora y ejemplar, reivindica al glorioso Cuerpo de Granaderos a Caballo y su impecable historial militar. Sin desperdicio los invitamos a leerla:<\/strong><\/p>\n<p>En el \u00faltimo tiempo se puede ver con mucho asombro, como determinadas personas de nuestro pa\u00eds se han vuelto expertos no s\u00f3lo en la Historia, sino en especial en la Historia del Regimiento de Granaderos a Caballo &#8220;General San Mart\u00edn&#8221; y sus normas de Ceremonial.<\/p>\n<p>La foto que acompa\u00f1a estas palabras corresponde a la visita oficial del Presidente de Gobierno Rajoy estos d\u00edas, y parte del dispositivo de Escolta que brind\u00f3 el Regimiento de Granaderos a Caballo. Esto se da porque el Regimiento dentro de su Misi\u00f3n se encuentra la de ser Escolta Presidencial de nuestro pa\u00eds y de TODOS LOS MANDATARIOS EXTRANJEROS EN VISITA OFICIAL A NUESTRO PAIS.<\/p>\n<p><a href=\"http:\/\/dsrmedios.com.ar\/diario\/wp-content\/uploads\/2018\/04\/gran2.jpg\"><img decoding=\"async\" loading=\"lazy\" class=\"aligncenter size-full wp-image-5471\" src=\"http:\/\/dsrmedios.com.ar\/diario\/wp-content\/uploads\/2018\/04\/gran2.jpg\" alt=\"\" width=\"1280\" height=\"720\" srcset=\"http:\/\/dsrmedios.com.ar\/diario\/wp-content\/uploads\/2018\/04\/gran2.jpg 1280w, http:\/\/dsrmedios.com.ar\/diario\/wp-content\/uploads\/2018\/04\/gran2-300x169.jpg 300w, http:\/\/dsrmedios.com.ar\/diario\/wp-content\/uploads\/2018\/04\/gran2-768x432.jpg 768w, http:\/\/dsrmedios.com.ar\/diario\/wp-content\/uploads\/2018\/04\/gran2-1024x576.jpg 1024w, http:\/\/dsrmedios.com.ar\/diario\/wp-content\/uploads\/2018\/04\/gran2-678x381.jpg 678w\" sizes=\"(max-width: 1280px) 100vw, 1280px\" \/><\/a><\/p>\n<p>Para cumplir con dicha Misi\u00f3n, realiza todo el Ceremonial y Protocolo coordinado con la Casa Militar dependiente de Presidencia de la Naci\u00f3n, reglado ello a trav\u00e9s de Normas Internacionales de Protocolo y ordenes internas del Regimiento.<\/p>\n<p>Dentro de esas normas de Ceremonial y Protocolo (pueden ser consultadas en cualquier Manual en la Materia por ser internacionales), cuando recibimos la visita de mandatarios extranjeros (tambi\u00e9n embajadores que presentan cartas credenciales), cada edificio involucrado en la recepci\u00f3n, incluso Plazas como Plaza San Mart\u00edn en Retiro, son adornadas con BANDEROLAS de los dos pa\u00edses (anfitri\u00f3n y visitante). Para el caso de primeras autoridades extranjeras, hasta se da el caso que calles por donde se traslade, suceda lo mismo.<br \/>\nTambi\u00e9n se da que los veh\u00edculos oficiales que trasladan a los dignatarios tengan las dos BANDEROLAS, y hasta las motos designadas como Escolta y Ceremonial de la Polic\u00eda Federal Argentina.<br \/>\nEsto mismo ocurre con la Secci\u00f3n de Caballos Criollos del Escuadr\u00f3n Riobamba del Regimiento de Granaderos a Caballo &#8220;General San Mart\u00edn&#8221;, quienes en sus lanzas (es el \u00fanico personal que porta lanza, el resto es a sable) portan entremezcladas y en orden Ceremonial, BANDEROLAS de nuestro pa\u00eds y del visitante.<\/p>\n<p>Dicho esto, voy a la foto en cuesti\u00f3n que acompa\u00f1a estas palabras. En ella se ve el Ceremonial de Granaderos, a lo cual, de forma lisa y llana (mezclando pol\u00edtica con Ceremonial y demostrando a su vez un desconocimiento grande -ya conocido- por nuestra Historia) el se\u00f1or Felipe Pigna dispar\u00f3:<\/p>\n<p>&#8220;\u00a1Tremendo!. \u00a1Si los viera don Jos\u00e9!&#8221;<br \/>\nA lo cual muchos prestaron atenci\u00f3n a su oportunismo y comenzaron los comentarios alrededor del tema.<\/p>\n<p>Transcribo las palabras de un oficial que merece todo mi respeto porque entiendo son las m\u00e1s acordes y explicativas:<\/p>\n<p>&#8220;A lo mejor el se\u00f1or historiador no conoce la diferencia entre una bandera, s\u00edmbolo nacional por excelencia de cualquier estado soberano, y una banderola, pedazo de tela que se utiliza para decoraci\u00f3n y adorno.<br \/>\nPor si no lo sabe, una banderola es un trozo de tela que se utiliza desde la antig\u00fcedad como decoraci\u00f3n cuando ten\u00eda lugar un hecho destacado en la comunidad. En la foto se destacan claramente las banderas, que enarbolan los abanderados que encabezan la formaci\u00f3n, y las banderolas que lucen los granaderos en sus lanzas, colocadas debajo de la moharra, como adorno.<br \/>\nPor eso, en las ceremonias, desfiles y paradas militares, se rinde honores a las banderas, y no las banderolas.&#8221;<\/p>\n<p>Final de la cuesti\u00f3n.<br \/>\nEl Regimiento de Granaderos a Caballo &#8220;General San Mart\u00edn&#8221;, y en particular la Secci\u00f3n Criollos del Escuadr\u00f3n Riobamba, no portaron la BANDERA del Reino de Espa\u00f1a, sino BANDEROLAS utilizadas para este tipo de ceremonias en cumplimiento con las normas y reglas del Ceremonial y Protocolo.<\/p>\n<p>Me resulta llamativo el revuelo que todo esto ha tomado, pero al ver el car\u00e1cter pol\u00edtico del mismo, no queda m\u00e1s que se\u00f1alar lo real, y no dar pie a comentarios &#8220;futboleros&#8221; o de un nacionalismo berreta alimentando a se\u00f1ores que sin conocer del tema: hablan.<\/p>\n<p>De todas maneras, uno sabe perfectamente que en el extremismo del pensamiento de algunos, por m\u00e1s que puedan darse todas las explicaciones posibles, las mismas no ser\u00e1n aceptadas.<\/p>\n<p>Finalizo con las palabras de este mismo Oficial que se\u00f1ala:<\/p>\n<p>&#8220;A todos esos pol\u00edticamente correctos les digo, que mucho m\u00e1s grave que adornar una lanza con los colores de Espa\u00f1a para agasajar a su presidente, es tararear como imb\u00e9ciles la introducci\u00f3n de nuestro Himno Nacional. Para los que no lo saben, ese s\u00ed es un s\u00edmbolo Nacional al que con nuestras actitudes de hinchas de f\u00fatbol le faltamos irremediablemente el respeto.&#8221;<\/p>\n<p><strong>Esteban Ocampo\u00a0<\/strong><\/p>\n<p>El autor de esta nota Sr. Esteban Ocampo ha sido miembro del Regimiento de Granaderos a Caballo &#8220;General San Mart\u00edn&#8221;, es historiador y autor de los libros: &#8220;Centauros de los Andes &#8211; Historia del Regimiento de Granaderos a Caballo General San Mart\u00edn &#8211; 1812 a 1820&#8221; y &#8220;Granaderos, Libertad y Gloria &#8211; Historia del Regimiento de Granaderos a Caballo General San Mart\u00edn &#8211; 1820 a 1826&#8221;; adem\u00e1s de art\u00edculos y publicaciones vinculadas con la historia del Regimiento de Granaderos a Caballo, el General Jos\u00e9 de San Mart\u00edn, la Guerra de la Independencia y la Caballer\u00eda Argentina, entre otros temas.<\/p>\n","protected":false},"excerpt":{"rendered":"<div class=\"mh-excerpt\"><p>&nbsp; La mala f\u00e9 est\u00e1 a la \u00f3rden del d\u00eda a trav\u00e9s de las redes sociales y en el caso de las declaraciones atribu\u00eddas al historiador Felipe Pigna, est\u00e1n agravadas por la ignorancia del mismo al desconocer un protocolo Nacional y sus diferentes valores. Esta nota esclarecedora y ejemplar, reivindica al glorioso Cuerpo de Granaderos a Caballo y su impecable historial militar. Sin desperdicio los invitamos a leerla: En el \u00faltimo tiempo se puede ver con mucho asombro, como determinadas personas de nuestro pa\u00eds se han vuelto expertos no s\u00f3lo en la Historia, sino en especial en la Historia del <a class=\"mh-excerpt-more\" href=\"http:\/\/dsrmedios.com.ar\/diario\/archivos\/5469\" title=\"Por favor no deje de leer este art\u00edculo: La mala f\u00e9 es m\u00e1s peligrosa que la ignorancia\">[Leer m\u00e1s]<\/a><\/p>\n<\/div>","protected":false},"author":5,"featured_media":5470,"comment_status":"open","ping_status":"closed","sticky":false,"template":"","format":"standard","meta":{"_jetpack_newsletter_access":""},"categories":[18,6],"tags":[],"jetpack_featured_media_url":"http:\/\/dsrmedios.com.ar\/diario\/wp-content\/uploads\/2018\/04\/gran1.jpg","jetpack_sharing_enabled":true,"jetpack_shortlink":"https:\/\/wp.me\/p9fihK-1qd","_links":{"self":[{"href":"http:\/\/dsrmedios.com.ar\/diario\/wp-json\/wp\/v2\/posts\/5469"}],"collection":[{"href":"http:\/\/dsrmedios.com.ar\/diario\/wp-json\/wp\/v2\/posts"}],"about":[{"href":"http:\/\/dsrmedios.com.ar\/diario\/wp-json\/wp\/v2\/types\/post"}],"author":[{"embeddable":true,"href":"http:\/\/dsrmedios.com.ar\/diario\/wp-json\/wp\/v2\/users\/5"}],"replies":[{"embeddable":true,"href":"http:\/\/dsrmedios.com.ar\/diario\/wp-json\/wp\/v2\/comments?post=5469"}],"version-history":[{"count":1,"href":"http:\/\/dsrmedios.com.ar\/diario\/wp-json\/wp\/v2\/posts\/5469\/revisions"}],"predecessor-version":[{"id":5472,"href":"http:\/\/dsrmedios.com.ar\/diario\/wp-json\/wp\/v2\/posts\/5469\/revisions\/5472"}],"wp:featuredmedia":[{"embeddable":true,"href":"http:\/\/dsrmedios.com.ar\/diario\/wp-json\/wp\/v2\/media\/5470"}],"wp:attachment":[{"href":"http:\/\/dsrmedios.com.ar\/diario\/wp-json\/wp\/v2\/media?parent=5469"}],"wp:term":[{"taxonomy":"category","embeddable":true,"href":"http:\/\/dsrmedios.com.ar\/diario\/wp-json\/wp\/v2\/categories?post=5469"},{"taxonomy":"post_tag","embeddable":true,"href":"http:\/\/dsrmedios.com.ar\/diario\/wp-json\/wp\/v2\/tags?post=5469"}],"curies":[{"name":"wp","href":"https:\/\/api.w.org\/{rel}","templated":true}]}}