{"id":5454,"date":"2018-04-18T09:44:05","date_gmt":"2018-04-18T12:44:05","guid":{"rendered":"http:\/\/dsrmedios.com.ar\/diario\/?p=5454"},"modified":"2018-04-18T09:44:05","modified_gmt":"2018-04-18T12:44:05","slug":"un-3-de-octubre-de-1996-se-inauguraba-la-fuente-del-angel","status":"publish","type":"post","link":"http:\/\/dsrmedios.com.ar\/diario\/archivos\/5454","title":{"rendered":"Un 3 de Octubre de 1996 se inauguraba la Fuente del Angel"},"content":{"rendered":"<p><strong>Autor: Lic. Gast\u00f3n Partarrieu &#8211; Director del Museo Regional Adolfo Alsina<\/strong><\/p>\n<p>Para comenzar esta historia que tiene variados aspectos que van desde el amor, el respeto, el dolor, el recuerdo hasta el sacrificio, y vaya a saberse cuantos m\u00e1s, debemos remontarnos a los primeros momentos de la fundaci\u00f3n del pueblo y a una de las familias m\u00e1s numerosas y que han dejado una profunda huella en la historia local. Comenzaremos entonces por conocer los primeros d\u00edas de esta familia y como se conecta en la actualidad con un paseo ubicado en el patio del Cuartel de Bomberos Voluntarios que entrecruza arte, historia y sacrificio.<br \/>\nLa historia del \u00c1ngel Vig\u00eda se inicia en los tiempos inmediatamente posteriores a la campa\u00f1a al desierto, all\u00e1 en 1883, cuando un 15 de octubre arriba al pa\u00eds proveniente de Italia don Jacinto V. Robilotte, con tan solo 18 a\u00f1os. Luego de pasar por el Hotel de Inmigrantes emprende el camino a Guamin\u00ed, en donde ya resid\u00edan familiares, incluso algunos tambi\u00e9n en Carhu\u00e9. El tren lo condujo hasta la estaci\u00f3n La Gamma (hoy Lamadrid) y de all\u00ed comenz\u00f3 un periplo en carro, dificultado por intensas lluvias y por caminos inexistentes que le demandaron diez d\u00edas. Cuando hab\u00eda ingresado al pa\u00eds Jacinto se anota (posiblemente ex profeso) con un apellido ligeramente diferente, pues en Italia originalmente era Robilotta, quiz\u00e1 esto lo haya hecho para diferenciar diferentes ramas sin parentesco sangu\u00edneo directo. Ya en Guamin\u00ed junto a sus familiares que manten\u00edan el apellido Robilotta, oriundos todos de Montemurro, se dedic\u00f3 al cuidado de ovejas, conociendo los trabajos que se efectuaban en un campo en la llanura argentina.<\/p>\n<p>SOBREVIVIENTE POR MILAGRO<\/p>\n<p><a href=\"http:\/\/dsrmedios.com.ar\/diario\/wp-content\/uploads\/2018\/04\/ANGELROBILOTTE1.jpg\"><img decoding=\"async\" loading=\"lazy\" class=\"aligncenter size-full wp-image-5456\" src=\"http:\/\/dsrmedios.com.ar\/diario\/wp-content\/uploads\/2018\/04\/ANGELROBILOTTE1.jpg\" alt=\"\" width=\"329\" height=\"448\" srcset=\"http:\/\/dsrmedios.com.ar\/diario\/wp-content\/uploads\/2018\/04\/ANGELROBILOTTE1.jpg 329w, http:\/\/dsrmedios.com.ar\/diario\/wp-content\/uploads\/2018\/04\/ANGELROBILOTTE1-220x300.jpg 220w\" sizes=\"(max-width: 329px) 100vw, 329px\" \/><\/a><\/p>\n<p>Pero sus ansias de progreso lo hacen emprender un viaje a campos de C\u00f3rdoba junto a su primo Mauricio Duva, comprador de unas tierras all\u00ed. Duva luego fundar\u00eda el pueblo de San Mauricio en el actual partido bonaerense de Rivadavia, all\u00e1 por 1884.<br \/>\nEl periplo por el desierto marcar\u00eda la vida de ambos. Desde Trenque Lauquen, ciudad que casi fue abandonada por carecer de poblaci\u00f3n, los viajeros siguieron la huella que bordeaba la \u201cZanja de Alsina\u201d como por 15 leguas hasta llegar a un rancho, perdido en la inmensidad de la pampa. All\u00ed un ingl\u00e9s pose\u00eda una majada de ovejas y les dio cobijo por un d\u00eda hasta que retomaron el viaje rumbo al Fuerte Lamadrid, hoy partido de Villegas. Como al medio d\u00eda y desde la altura de un mangrullo de tierra de un abandonado fort\u00edn, divisaron los techos de zinc del fuerte mencionado, reflejados por el terrible sol de las doce.<br \/>\nTras un d\u00eda de descanso en el fuerte inician la parte m\u00e1s dura del viaje. Ya sin huella a la vista contin\u00faan el viaje con el auxilio de br\u00fajulas hechas por indios. El campo, cuenta don Jacinto en una publicaci\u00f3n de 1924, estaba todo quemado con una espesa capa de ceniza, permitiendo eso ver cientos de peludos, piches, mulitas y las densas columnas de ceniza que levantaban las fant\u00e1sticas bandadas de \u00f1and\u00faes. Los abandonados fortines que acompa\u00f1aban su periplo eran como mojones que indicaban su camino. Pero el agua era inexistente y as\u00ed luego de varias jornadas de cabalgata al llegar a un fort\u00edn, los caballos se desplomaron sin fuerzas ni para comer. Robilotte y Duva decidieron retroceder hasta el Fort\u00edn Adolfo Alsina, pues ellos estaban tan sedientos como sus cabalgaduras. Pero quince leguas (algo as\u00ed como 75 Km.) los separaban del agua, y en varias oportunidades tuvieron que desmontar y arrastrar a sus caballos. Por fin, como a las dos de la ma\u00f1ana llegaron y tirados boca a bajo bebieron agua de un jag\u00fcel de agua estancada, verde y con osamentas de animales que hab\u00edan llegado enfermos. Pero sirvi\u00f3 para recuperar fuerzas.<br \/>\nEn franca retirada llegaron nuevamente a Lamadrid \u201cm\u00e1s muertos que vivos\u201d siendo recogidos por un estanciero que los cobij\u00f3 durante ocho d\u00edas. No hab\u00edan sido los \u00fanicos, pues varios hab\u00edan intentado tal aventura y nada se sab\u00eda de ellos. Nunca hab\u00edan llegado. Luego de esto y considerando imposible atravesar el desierto con esos medios, don Jacinto decide volver a Guamin\u00ed y en mayo de 1884 se afinca en Carhu\u00e9.<br \/>\nAqu\u00ed trabaj\u00f3 cuidando majadas y cortando le\u00f1a en montes cercanos a La Pampa. Y para eso si que hac\u00eda falta coraje, pues los desmontadores no eran de lo m\u00e1s granado de la sociedad. \u201cEn aquellos tiempos, en los montes se internaba gente brava y matrera con la cual hab\u00eda que andar con mucho cuidado, siendo muy dif\u00edcil vivir con ellos, por lo provocadores y pendencieros que eran\u201d comentaba en 1924.<br \/>\nLuego de esta otra dura experiencia trabaj\u00f3 de alambrador, una de las tareas duras que por aquellos a\u00f1os requer\u00eda a cientos de personas por la gran demanda de trabajo.<br \/>\nYa con una base empez\u00f3 a trabajar por su cuenta y mal no le fue. Para los a\u00f1os veinte era poseedor de la estancia \u201cSanta Isabel\u201d de 1000 ha. incluida la laguna \u201cLos Paraguayos\u201d de 230 ha. y \u201cSan Jacinto\u201d de 596 ha. con 580 ha. de aguas del Lago Epecu\u00e9n. En dicho establecimiento la empresa Alberto G. Noel y Cia estaba proyectando un gran balneario, con hotel, sanatorio, etc. Jacinto Robilotte hab\u00eda subdividido 50 manzanas para loteos, con el objetivo de conformar un balneario que, por la inestabilidad del lago nunca lleg\u00f3 a prosperar.<\/p>\n<p>LA FAMILIA ROBILOTTE<\/p>\n<p>Como se dijo con anterioridad exist\u00edan ya otros familiares, o del mismo apellido, en Carhu\u00e9 y Guamin\u00ed, incluso dos hermanas de Jacinto se afincaron luego aqu\u00ed, adaptando tambi\u00e9n su apellido como lo hiciera \u00e9l.<br \/>\nIsabel Robilotta, se desconoce en realidad si no ten\u00edan alg\u00fan lazo de parentesco, hab\u00eda llegado con sus padres a Carhu\u00e9 en 1882. Isabel y Jacinto se casan en 1890 teniendo este matrimonio otra particularidad adem\u00e1s de la del apellido: Es el primero casamiento asentado en el flamante Registro Civil de Adolfo Alsina. La familia residi\u00f3 en un predio de m\u00e1s 50 x 50 en calle Yrigoyen y Dorrego en donde hoy queda el viejo edificio de su comercio de carnicer\u00eda y Ramos Generales, frente a la Asoc. Mutual de Empleados.<br \/>\nDel matrimonio nacieron 23 hijos aunque solo 15 llegaron a la adultez. Incluso el s\u00e9ptimo hijo var\u00f3n, Domingo Victorino, fue apadrinado por el presidente de la naci\u00f3n Victorino de la Plaza. Los otros catorce fueron: Vicente, Ana, Elisa, Carmen, Juana, Pedro, Roque, Jos\u00e9, Hip\u00f3lita, Antonio, Mauricio, \u00c1ngela, Domingo, Rosa y Oscar. El haber tenido esta cantidad de hijos tiene una connotaci\u00f3n social muy importante en la comunidad, pues la sangre Robilotte corre hoy por cientos de personas y familias, mezcl\u00e1ndose con descendientes de espa\u00f1oles, alemanes, franceses, polacos, jud\u00edos, vascos, etc.<br \/>\nMuchos sucesores de Jacinto se han destacado en diversas esferas sociales, deportivas, profesionales, educativas, aunque casi no existen antecedentes de participaci\u00f3n pol\u00edtica. Solo Don Jacinto, seg\u00fan familiares, al momento de fallecer estaba intentando una carrera pol\u00edtica, y su hijo Vicente qui\u00e9n hizo un intento en el partido Dem\u00f3crata Nacional (\u201cconservadores\u201d), el mismo que milit\u00f3 su padre.<br \/>\nDestacado fue su hijo Mauricio Robilotte, piloto de aeronaves y que tuvo el privilegio de ser el primero en conducir un helic\u00f3ptero en el pa\u00eds, habiendo sido mandado a Estados Unidos para aprender su manejo. Cuando lo trajo lo aterriz\u00f3 en Plaza de Mayo, frente a la Casa Rosada en donde lo esperaba el Presidente Per\u00f3n. En Carhu\u00e9 puede decirse que tanto Mauricio como su hermano Oscar fueron parte de los fundadores del Aero Club, incluso los terrenos en donde se emplaza pertenec\u00edan a campos de la familia. En 1951 en un viaje sanitario a Ushuaia, encargado por Eva Per\u00f3n para un importante enfermo, de regreso cuando Mauricio deja la conducci\u00f3n en manos de su copiloto, se estrellan falleciendo los 8 ocupantes del avi\u00f3n.<br \/>\nCuando han pasado ya m\u00e1s de 120 a\u00f1os de la llegada de Jacinto V. Robilotte al pa\u00eds, una hija del matrimonio a\u00fan vive en Quilmes, contando en su haber 93 primaveras y seguramente muchas historias familiares.<\/p>\n<p><a href=\"http:\/\/dsrmedios.com.ar\/diario\/wp-content\/uploads\/2018\/04\/ANGELROBILOTTE6.jpg\"><img decoding=\"async\" loading=\"lazy\" class=\"aligncenter size-full wp-image-5457\" src=\"http:\/\/dsrmedios.com.ar\/diario\/wp-content\/uploads\/2018\/04\/ANGELROBILOTTE6.jpg\" alt=\"\" width=\"448\" height=\"317\" srcset=\"http:\/\/dsrmedios.com.ar\/diario\/wp-content\/uploads\/2018\/04\/ANGELROBILOTTE6.jpg 448w, http:\/\/dsrmedios.com.ar\/diario\/wp-content\/uploads\/2018\/04\/ANGELROBILOTTE6-300x212.jpg 300w\" sizes=\"(max-width: 448px) 100vw, 448px\" \/><\/a><\/p>\n<p>DE UNA B\u00d3VEDA A UNA FUENTE<\/p>\n<p>Vicente Robilotte fallece el 20 de mayo de 1924 a los 62 a\u00f1os. Una fotograf\u00eda familiar del imponente cortejo demuestra la estima y la importancia social de la familia. Inmediatamente su viuda e hijos deciden efectuar una gran b\u00f3veda en el cementerio local para recordar a su patriarca.<br \/>\nLa b\u00f3veda con gran capacidad y un amplio subsuelo, estaba decorada con m\u00e1rmoles de Carrara y bronces Florentinos. La c\u00fapula estaba coronada por la escultura de un \u00c1ngel Vig\u00eda enviado por familiares italianos de don Jacinto, siendo esculpido en un solo bloque de m\u00e1rmol de Carrara por un artista italiano, rondando su peso en alrededor de 800 kg. Para la obra de la b\u00f3veda son contratados los arquitectos Zarlenga y Arenga de Capital Federal.<br \/>\nPoco tiempo despu\u00e9s, el 15 de octubre de 1925 y a los 50 a\u00f1os fallece Isabel R. de Robilotte que pocos conocen fue la donante de la puerta original de la iglesia, all\u00e1 por 1909.<br \/>\nCuando en 1986 la laguna comenz\u00f3 a inundar el cementerio en la urgencia por evacuar sus deudos, nadie repar\u00f3 en objetos como el \u00e1ngel, o las art\u00edsticas placas de bronce, o m\u00e1rmoles tallados que abundaban en los cementerios antiguos, tal el caso del de Carhu\u00e9, de principios del pasado siglo.<br \/>\nAs\u00ed estuvo por un par de a\u00f1os hasta que las aguas hicieron sucumbir a la b\u00f3veda y el \u00e1ngel se perdi\u00f3 entre las aguas y los escombros.<br \/>\nLuego de casi diez a\u00f1os, el 2 de julio de 1995 el Grupo BERA 7 en conjunto con los Bomberos Voluntarios locales lo rescataron de las fr\u00edas aguas del lago. Tras varios debates casi p\u00fablicos, la familia decide finalmente colocarlo en el predio de Bomberos, quienes se con sus propias manos efectuaron una fuente para colocarlo all\u00ed, inaugur\u00e1ndolo el 3 de octubre de 1996, d\u00eda del 32\u00ba aniversario de la creaci\u00f3n del cuerpo.<br \/>\nEn el a\u00f1o 2003 los Robilotte tuvieron su fiesta familiar en donde se reunieron m\u00e1s de doscientos descendientes para festejar los 120 a\u00f1os de la llegada de don Jacinto al pa\u00eds. All\u00ed se exhibi\u00f3 un \u00e1rbol geneal\u00f3gico de 8 metros de largo por 3 de alto, rondando 1600 nombres desde alrededor del a\u00f1o 1800 a la actualidad.<br \/>\n&nbsp;<\/p>\n","protected":false},"excerpt":{"rendered":"<div class=\"mh-excerpt\"><p>Autor: Lic. Gast\u00f3n Partarrieu &#8211; Director del Museo Regional Adolfo Alsina Para comenzar esta historia que tiene variados aspectos que van desde el amor, el respeto, el dolor, el recuerdo hasta el sacrificio, y vaya a saberse cuantos m\u00e1s, debemos remontarnos a los primeros momentos de la fundaci\u00f3n del pueblo y a una de las familias m\u00e1s numerosas y que han dejado una profunda huella en la historia local. Comenzaremos entonces por conocer los primeros d\u00edas de esta familia y como se conecta en la actualidad con un paseo ubicado en el patio del Cuartel de Bomberos Voluntarios que entrecruza <a class=\"mh-excerpt-more\" href=\"http:\/\/dsrmedios.com.ar\/diario\/archivos\/5454\" title=\"Un 3 de Octubre de 1996 se inauguraba la Fuente del Angel\">[Leer m\u00e1s]<\/a><\/p>\n<\/div>","protected":false},"author":5,"featured_media":5455,"comment_status":"open","ping_status":"closed","sticky":false,"template":"","format":"standard","meta":{"_jetpack_newsletter_access":""},"categories":[1],"tags":[],"jetpack_featured_media_url":"http:\/\/dsrmedios.com.ar\/diario\/wp-content\/uploads\/2018\/04\/ANGELROBILOTTE3.jpg","jetpack_sharing_enabled":true,"jetpack_shortlink":"https:\/\/wp.me\/p9fihK-1pY","_links":{"self":[{"href":"http:\/\/dsrmedios.com.ar\/diario\/wp-json\/wp\/v2\/posts\/5454"}],"collection":[{"href":"http:\/\/dsrmedios.com.ar\/diario\/wp-json\/wp\/v2\/posts"}],"about":[{"href":"http:\/\/dsrmedios.com.ar\/diario\/wp-json\/wp\/v2\/types\/post"}],"author":[{"embeddable":true,"href":"http:\/\/dsrmedios.com.ar\/diario\/wp-json\/wp\/v2\/users\/5"}],"replies":[{"embeddable":true,"href":"http:\/\/dsrmedios.com.ar\/diario\/wp-json\/wp\/v2\/comments?post=5454"}],"version-history":[{"count":1,"href":"http:\/\/dsrmedios.com.ar\/diario\/wp-json\/wp\/v2\/posts\/5454\/revisions"}],"predecessor-version":[{"id":5458,"href":"http:\/\/dsrmedios.com.ar\/diario\/wp-json\/wp\/v2\/posts\/5454\/revisions\/5458"}],"wp:featuredmedia":[{"embeddable":true,"href":"http:\/\/dsrmedios.com.ar\/diario\/wp-json\/wp\/v2\/media\/5455"}],"wp:attachment":[{"href":"http:\/\/dsrmedios.com.ar\/diario\/wp-json\/wp\/v2\/media?parent=5454"}],"wp:term":[{"taxonomy":"category","embeddable":true,"href":"http:\/\/dsrmedios.com.ar\/diario\/wp-json\/wp\/v2\/categories?post=5454"},{"taxonomy":"post_tag","embeddable":true,"href":"http:\/\/dsrmedios.com.ar\/diario\/wp-json\/wp\/v2\/tags?post=5454"}],"curies":[{"name":"wp","href":"https:\/\/api.w.org\/{rel}","templated":true}]}}