{"id":5439,"date":"2018-04-18T08:07:37","date_gmt":"2018-04-18T11:07:37","guid":{"rendered":"http:\/\/dsrmedios.com.ar\/diario\/?p=5439"},"modified":"2018-04-18T08:07:37","modified_gmt":"2018-04-18T11:07:37","slug":"el-jefe-de-gabinete-insiste-con-afirmar-que-la-inflacion-tiene-que-ser-del-15-anual","status":"publish","type":"post","link":"http:\/\/dsrmedios.com.ar\/diario\/archivos\/5439","title":{"rendered":"El Jefe de Gabinete insiste con afirmar que la inflaci\u00f3n tiene que ser del 15% anual"},"content":{"rendered":"<p>El jefe de Gabinete, Marcos Pe\u00f1a, consider\u00f3 que el Gobierno hace un \u201ccombate efectivo\u201d de la inflaci\u00f3n y asegur\u00f3 que seguir\u00e1n trabajando por cumplir la meta del 15%, al tiempo que descart\u00f3 una marcha atr\u00e1s en el aumento de las tarifas.<\/p>\n<p>Tras calificar de \u201cdemagoga\u201d a Cristina Fern\u00e1ndez de Kirchner por su proyecto de retrotraer los aumentos tarifarios, Pe\u00f1a sali\u00f3 a poner pa\u00f1os fr\u00edos a la idea no s\u00f3lo de la ex mandataria sino del resto de la oposici\u00f3n m\u00e1s dura, que convoc\u00f3 a una sesi\u00f3n especial para este mi\u00e9rcoles.<\/p>\n<p>\u201cSab\u00edamos que estos cuatro meses eran dif\u00edciles por los reacomodamientos tarifarios que faltaban, era el \u00faltimo esfuerzo que faltaba hacer. Lo que viene es una cuesti\u00f3n mucho m\u00e1s acotada. Seguimos trabajando para cumplir la meta del 15%, estamos convencidos que lo m\u00e1s complejo est\u00e1 terminando ahora\u201d, asegur\u00f3 el funcionario tras la reuni\u00f3n de Gabinete en Casa Rosada.<\/p>\n<p>Sobre la movida de la oposici\u00f3n para llevar el tema al Congreso, el ministro coordinador apunt\u00f3 contra Cristina: \u201cUna cosa es la actitud demag\u00f3gica e irresponsable de quienes quebraron el sistema energ\u00e9tico y econ\u00f3mico en nuestro pa\u00eds, como la ex presidenta y no nos sorprende. Sabemos que no est\u00e1 en una actitud constructiva\u201d.<\/p>\n<p>fuente:www.aninoticia.com<\/p>\n","protected":false},"excerpt":{"rendered":"<div class=\"mh-excerpt\"><p>El jefe de Gabinete, Marcos Pe\u00f1a, consider\u00f3 que el Gobierno hace un \u201ccombate efectivo\u201d de la inflaci\u00f3n y asegur\u00f3 que seguir\u00e1n trabajando por cumplir la meta del 15%, al tiempo que descart\u00f3 una marcha atr\u00e1s en el aumento de las tarifas. Tras calificar de \u201cdemagoga\u201d a Cristina Fern\u00e1ndez de Kirchner por su proyecto de retrotraer los aumentos tarifarios, Pe\u00f1a sali\u00f3 a poner pa\u00f1os fr\u00edos a la idea no s\u00f3lo de la ex mandataria sino del resto de la oposici\u00f3n m\u00e1s dura, que convoc\u00f3 a una sesi\u00f3n especial para este mi\u00e9rcoles. \u201cSab\u00edamos que estos cuatro meses eran dif\u00edciles por los reacomodamientos <a class=\"mh-excerpt-more\" href=\"http:\/\/dsrmedios.com.ar\/diario\/archivos\/5439\" title=\"El Jefe de Gabinete insiste con afirmar que la inflaci\u00f3n tiene que ser del 15% anual\">[Leer m\u00e1s]<\/a><\/p>\n<\/div>","protected":false},"author":5,"featured_media":5440,"comment_status":"open","ping_status":"closed","sticky":false,"template":"","format":"standard","meta":{"_jetpack_newsletter_access":""},"categories":[6],"tags":[],"jetpack_featured_media_url":"http:\/\/dsrmedios.com.ar\/diario\/wp-content\/uploads\/2018\/04\/pe\u00f1a.jpg","jetpack_sharing_enabled":true,"jetpack_shortlink":"https:\/\/wp.me\/p9fihK-1pJ","_links":{"self":[{"href":"http:\/\/dsrmedios.com.ar\/diario\/wp-json\/wp\/v2\/posts\/5439"}],"collection":[{"href":"http:\/\/dsrmedios.com.ar\/diario\/wp-json\/wp\/v2\/posts"}],"about":[{"href":"http:\/\/dsrmedios.com.ar\/diario\/wp-json\/wp\/v2\/types\/post"}],"author":[{"embeddable":true,"href":"http:\/\/dsrmedios.com.ar\/diario\/wp-json\/wp\/v2\/users\/5"}],"replies":[{"embeddable":true,"href":"http:\/\/dsrmedios.com.ar\/diario\/wp-json\/wp\/v2\/comments?post=5439"}],"version-history":[{"count":1,"href":"http:\/\/dsrmedios.com.ar\/diario\/wp-json\/wp\/v2\/posts\/5439\/revisions"}],"predecessor-version":[{"id":5441,"href":"http:\/\/dsrmedios.com.ar\/diario\/wp-json\/wp\/v2\/posts\/5439\/revisions\/5441"}],"wp:featuredmedia":[{"embeddable":true,"href":"http:\/\/dsrmedios.com.ar\/diario\/wp-json\/wp\/v2\/media\/5440"}],"wp:attachment":[{"href":"http:\/\/dsrmedios.com.ar\/diario\/wp-json\/wp\/v2\/media?parent=5439"}],"wp:term":[{"taxonomy":"category","embeddable":true,"href":"http:\/\/dsrmedios.com.ar\/diario\/wp-json\/wp\/v2\/categories?post=5439"},{"taxonomy":"post_tag","embeddable":true,"href":"http:\/\/dsrmedios.com.ar\/diario\/wp-json\/wp\/v2\/tags?post=5439"}],"curies":[{"name":"wp","href":"https:\/\/api.w.org\/{rel}","templated":true}]}}