{"id":5436,"date":"2018-04-18T08:05:34","date_gmt":"2018-04-18T11:05:34","guid":{"rendered":"http:\/\/dsrmedios.com.ar\/diario\/?p=5436"},"modified":"2018-04-18T08:05:34","modified_gmt":"2018-04-18T11:05:34","slug":"el-ministro-de-seguridad-cristian-ritondo-se-refirio-al-crimen-del-colectivero","status":"publish","type":"post","link":"http:\/\/dsrmedios.com.ar\/diario\/archivos\/5436","title":{"rendered":"El ministro de seguridad Cristian Ritondo se refiri\u00f3 al crimen del colectivero"},"content":{"rendered":"<p>El ministro de Seguridad bonaerense, Cristian Ritondo, asegur\u00f3 este martes que la detenci\u00f3n de los dos sospechosos por el crimen del colectivero Leandro Alcaraz &#8220;no va a reparar el dolor&#8221; para sus familiares y acus\u00f3 al municipio de La Matanza de no haber utilizado el dinero que se le otorg\u00f3 por el Fondo de Seguridad para la prevenci\u00f3n de delitos.<\/p>\n<p>En declaraciones period\u00edsticas, Ritondo asegur\u00f3 que la detenci\u00f3n de los dos j\u00f3venes de 17 y 18 a\u00f1os por el crimen del colectivero fue &#8220;clave&#8221; el testimonio de un vecino que aport\u00f3 las caracter\u00edsticas de los sospechosos.<\/p>\n<p>&#8220;Fue clave para que se los detenga la declaraci\u00f3n de una tercera persona que relat\u00f3 los hechos ante el fiscal. El identikit coincid\u00eda bastante con uno de los detenidos y la coartada respecto a donde hab\u00edan estado al momento del hecho se les cay\u00f3&#8221;, agreg\u00f3.<\/p>\n<p>fuente:www.aninoticias.com<\/p>\n","protected":false},"excerpt":{"rendered":"<div class=\"mh-excerpt\"><p>El ministro de Seguridad bonaerense, Cristian Ritondo, asegur\u00f3 este martes que la detenci\u00f3n de los dos sospechosos por el crimen del colectivero Leandro Alcaraz &#8220;no va a reparar el dolor&#8221; para sus familiares y acus\u00f3 al municipio de La Matanza de no haber utilizado el dinero que se le otorg\u00f3 por el Fondo de Seguridad para la prevenci\u00f3n de delitos. En declaraciones period\u00edsticas, Ritondo asegur\u00f3 que la detenci\u00f3n de los dos j\u00f3venes de 17 y 18 a\u00f1os por el crimen del colectivero fue &#8220;clave&#8221; el testimonio de un vecino que aport\u00f3 las caracter\u00edsticas de los sospechosos. &#8220;Fue clave para que <a class=\"mh-excerpt-more\" href=\"http:\/\/dsrmedios.com.ar\/diario\/archivos\/5436\" title=\"El ministro de seguridad Cristian Ritondo se refiri\u00f3 al crimen del colectivero\">[Leer m\u00e1s]<\/a><\/p>\n<\/div>","protected":false},"author":5,"featured_media":5437,"comment_status":"open","ping_status":"closed","sticky":false,"template":"","format":"standard","meta":{"_jetpack_newsletter_access":""},"categories":[7],"tags":[],"jetpack_featured_media_url":"http:\/\/dsrmedios.com.ar\/diario\/wp-content\/uploads\/2018\/04\/ritondoo.jpg","jetpack_sharing_enabled":true,"jetpack_shortlink":"https:\/\/wp.me\/p9fihK-1pG","_links":{"self":[{"href":"http:\/\/dsrmedios.com.ar\/diario\/wp-json\/wp\/v2\/posts\/5436"}],"collection":[{"href":"http:\/\/dsrmedios.com.ar\/diario\/wp-json\/wp\/v2\/posts"}],"about":[{"href":"http:\/\/dsrmedios.com.ar\/diario\/wp-json\/wp\/v2\/types\/post"}],"author":[{"embeddable":true,"href":"http:\/\/dsrmedios.com.ar\/diario\/wp-json\/wp\/v2\/users\/5"}],"replies":[{"embeddable":true,"href":"http:\/\/dsrmedios.com.ar\/diario\/wp-json\/wp\/v2\/comments?post=5436"}],"version-history":[{"count":1,"href":"http:\/\/dsrmedios.com.ar\/diario\/wp-json\/wp\/v2\/posts\/5436\/revisions"}],"predecessor-version":[{"id":5438,"href":"http:\/\/dsrmedios.com.ar\/diario\/wp-json\/wp\/v2\/posts\/5436\/revisions\/5438"}],"wp:featuredmedia":[{"embeddable":true,"href":"http:\/\/dsrmedios.com.ar\/diario\/wp-json\/wp\/v2\/media\/5437"}],"wp:attachment":[{"href":"http:\/\/dsrmedios.com.ar\/diario\/wp-json\/wp\/v2\/media?parent=5436"}],"wp:term":[{"taxonomy":"category","embeddable":true,"href":"http:\/\/dsrmedios.com.ar\/diario\/wp-json\/wp\/v2\/categories?post=5436"},{"taxonomy":"post_tag","embeddable":true,"href":"http:\/\/dsrmedios.com.ar\/diario\/wp-json\/wp\/v2\/tags?post=5436"}],"curies":[{"name":"wp","href":"https:\/\/api.w.org\/{rel}","templated":true}]}}