{"id":5433,"date":"2018-04-18T08:03:30","date_gmt":"2018-04-18T11:03:30","guid":{"rendered":"http:\/\/dsrmedios.com.ar\/diario\/?p=5433"},"modified":"2018-05-14T09:24:20","modified_gmt":"2018-05-14T12:24:20","slug":"usuarios-de-servicios-publicos-organizan-un-ruidazo-nacional-de-protesta-para-hoy-a-las-20-hs","status":"publish","type":"post","link":"http:\/\/dsrmedios.com.ar\/diario\/archivos\/5433","title":{"rendered":"Usuarios de servicios p\u00fablicos organizan un ruidazo nacional de protesta para hoy a las 20 hs."},"content":{"rendered":"<p>Usuarios de servicios p\u00fablicos y organizaciones pol\u00edticas y sindicales preparan protestas contra los reiterados aumentos de tarifas. Este mi\u00e9rcoles a las 20 se convoc\u00f3 por las redes sociales a un &#8220;ruidazo nacional&#8221; para frenar los incrementos en la luz, el gas, el agua, medicina prepaga, peajes y el transporte, entre otros.<\/p>\n<p>Seg\u00fan circul\u00f3 por Twitter y Facebook, habr\u00e1 un punto de encuentro para protestar en cada comuna de la ciudad de Buenos Aires. Tambi\u00e9n se publicaron adhesiones en C\u00f3rdoba, Tigre, Venado Tuerto, Adrogu\u00e9, Santa Rosa, Lan\u00fas, Rosario, Lomas de Zamora, Las Heras, Florencio Varela, Mor\u00f3n, Olivos, La Matanza y San Fernando.<\/p>\n<p>Para ese mismo mi\u00e9rcoles, el bloque de diputados nacionales del Frente para la Victoria-PJ, junto a otros bloques parlamentarios, pedir\u00e1 una sesi\u00f3n especial con el fin de tratar los numerosos proyectos que proponen congelar las tarifas de los servicios p\u00fablicos y retrotraer los precios a diciembre de 2017.<\/p>\n<p>El pedido se justifica &#8220;en la creciente preocupaci\u00f3n de familias, comerciantes, empresarios, industriales, Pymes, cooperativas, clubes de barrio, sociedades de fomento y usuarios en general agobiados por los excesivos aumentos que desde hace dos a\u00f1os vienen padeciendo, en un contexto de creciente inflaci\u00f3n y ca\u00edda del consumo&#8221;.<\/p>\n<p>El pedido de sesi\u00f3n encabezado por el FPV-PJ se suma al anuncio de la diputada de la Coalici\u00f3n C\u00edvica Elisa Carri\u00f3 sobre la presentaci\u00f3n de un proyecto en el que pedir\u00e1 informes al jefe de Gabinete, Marcos Pe\u00f1a, respecto de la aplicaci\u00f3n de los aumentos de las tarifas por parte de las empresas prestatarias, y los controles realizados por los entes reguladores y el Ejecutivo.<\/p>\n<p>Para el jueves a la tarde, los organizadores de la masiva marcha opositora del 21-F convocaron a una &#8220;marcha de las velas&#8221; contra la subas de tarifas. La movilizaci\u00f3n ir\u00e1 del Congreso al Obelisco y ser\u00e1 encabezada por los Moyano y el Sindicato de Choferes de Camiones (Sichoca), las CTA de Hugo Yasky y Pablo Micheli, los movimientos sociales, algunos gremios cegetistas alineados a los camioneros, el Partido Justicialista, agrupaciones de kirchneristas e izquierda y ONG defensoras de los derechos de los usuarios.<\/p>\n","protected":false},"excerpt":{"rendered":"<div class=\"mh-excerpt\"><p>Usuarios de servicios p\u00fablicos y organizaciones pol\u00edticas y sindicales preparan protestas contra los reiterados aumentos de tarifas. Este mi\u00e9rcoles a las 20 se convoc\u00f3 por las redes sociales a un &#8220;ruidazo nacional&#8221; para frenar los incrementos en la luz, el gas, el agua, medicina prepaga, peajes y el transporte, entre otros. Seg\u00fan circul\u00f3 por Twitter y Facebook, habr\u00e1 un punto de encuentro para protestar en cada comuna de la ciudad de Buenos Aires. Tambi\u00e9n se publicaron adhesiones en C\u00f3rdoba, Tigre, Venado Tuerto, Adrogu\u00e9, Santa Rosa, Lan\u00fas, Rosario, Lomas de Zamora, Las Heras, Florencio Varela, Mor\u00f3n, Olivos, La Matanza y San <a class=\"mh-excerpt-more\" href=\"http:\/\/dsrmedios.com.ar\/diario\/archivos\/5433\" title=\"Usuarios de servicios p\u00fablicos organizan un ruidazo nacional de protesta para hoy a las 20 hs.\">[Leer m\u00e1s]<\/a><\/p>\n<\/div>","protected":false},"author":5,"featured_media":5434,"comment_status":"open","ping_status":"closed","sticky":false,"template":"","format":"standard","meta":{"_jetpack_newsletter_access":""},"categories":[18,6],"tags":[],"jetpack_featured_media_url":"http:\/\/dsrmedios.com.ar\/diario\/wp-content\/uploads\/2018\/04\/contra-tarifazo.jpg","jetpack_sharing_enabled":true,"jetpack_shortlink":"https:\/\/wp.me\/p9fihK-1pD","_links":{"self":[{"href":"http:\/\/dsrmedios.com.ar\/diario\/wp-json\/wp\/v2\/posts\/5433"}],"collection":[{"href":"http:\/\/dsrmedios.com.ar\/diario\/wp-json\/wp\/v2\/posts"}],"about":[{"href":"http:\/\/dsrmedios.com.ar\/diario\/wp-json\/wp\/v2\/types\/post"}],"author":[{"embeddable":true,"href":"http:\/\/dsrmedios.com.ar\/diario\/wp-json\/wp\/v2\/users\/5"}],"replies":[{"embeddable":true,"href":"http:\/\/dsrmedios.com.ar\/diario\/wp-json\/wp\/v2\/comments?post=5433"}],"version-history":[{"count":1,"href":"http:\/\/dsrmedios.com.ar\/diario\/wp-json\/wp\/v2\/posts\/5433\/revisions"}],"predecessor-version":[{"id":5435,"href":"http:\/\/dsrmedios.com.ar\/diario\/wp-json\/wp\/v2\/posts\/5433\/revisions\/5435"}],"wp:featuredmedia":[{"embeddable":true,"href":"http:\/\/dsrmedios.com.ar\/diario\/wp-json\/wp\/v2\/media\/5434"}],"wp:attachment":[{"href":"http:\/\/dsrmedios.com.ar\/diario\/wp-json\/wp\/v2\/media?parent=5433"}],"wp:term":[{"taxonomy":"category","embeddable":true,"href":"http:\/\/dsrmedios.com.ar\/diario\/wp-json\/wp\/v2\/categories?post=5433"},{"taxonomy":"post_tag","embeddable":true,"href":"http:\/\/dsrmedios.com.ar\/diario\/wp-json\/wp\/v2\/tags?post=5433"}],"curies":[{"name":"wp","href":"https:\/\/api.w.org\/{rel}","templated":true}]}}