{"id":5427,"date":"2018-04-17T11:04:27","date_gmt":"2018-04-17T14:04:27","guid":{"rendered":"http:\/\/dsrmedios.com.ar\/diario\/?p=5427"},"modified":"2018-04-17T11:04:27","modified_gmt":"2018-04-17T14:04:27","slug":"la-sociedad-espanola-local-participo-del-congreso-de-la-federacion-regional-en-bahia-blanca","status":"publish","type":"post","link":"http:\/\/dsrmedios.com.ar\/diario\/archivos\/5427","title":{"rendered":"La Sociedad Espa\u00f1ola local particip\u00f3 del Congreso de la Federaci\u00f3n Regional en Bah\u00eda Blanca"},"content":{"rendered":"<p>Asistieron el s\u00e1bado 14 de abril miembros de la Comisi\u00f3n Directiva de la Sociedad Espa\u00f1ola de SM de Adolfo Alsina &#8211; Carhu\u00e9 las Sras. Clara Leonor G\u00f3mez y Cecilia Guido y el Sr. Secretario y Vice-c\u00f3nsul Gabriel \u00c1lvarez Sagasti, al 97\u00ba CONGRESO DE LA FEDERACI\u00d3N REGIONAL DE SOCIEDADES ESPA\u00d1OLAS SE REALIZ\u00d3 EN BAH\u00cdA BLANCA<br \/>\norganizado por la Federaci\u00f3n Regional de Sociedades Espa\u00f1olas, en donde se realizaron las actividades centrales del 97 Congreso General Ordinario denominado &#8220;Camino al Centenario&#8221; y mesas de trabajos en donde se plantearon problemas que atraviesan las Sociedades Espa\u00f1olas y su modo de resolverlas.<br \/>\nDurante la noche en la CENA DE GALA se galardon\u00f3 a la Sra.<br \/>\nClara Leonor G\u00f3mez designada por la Sociedad Espa\u00f1ola de S.M. de Adolfo Alsina-Carhu\u00e9 como PERSONALIDAD DESTACADA DE LA COLECTIVIDAD, por un enorme compromiso y trabajo en la Instituci\u00f3n.<br \/>\nSe le otorg\u00f3 a la Federaci\u00f3n Regional un presente por ser la Instituci\u00f3n cede y organizadora.<\/p>\n","protected":false},"excerpt":{"rendered":"<div class=\"mh-excerpt\"><p>Asistieron el s\u00e1bado 14 de abril miembros de la Comisi\u00f3n Directiva de la Sociedad Espa\u00f1ola de SM de Adolfo Alsina &#8211; Carhu\u00e9 las Sras. Clara Leonor G\u00f3mez y Cecilia Guido y el Sr. Secretario y Vice-c\u00f3nsul Gabriel \u00c1lvarez Sagasti, al 97\u00ba CONGRESO DE LA FEDERACI\u00d3N REGIONAL DE SOCIEDADES ESPA\u00d1OLAS SE REALIZ\u00d3 EN BAH\u00cdA BLANCA organizado por la Federaci\u00f3n Regional de Sociedades Espa\u00f1olas, en donde se realizaron las actividades centrales del 97 Congreso General Ordinario denominado &#8220;Camino al Centenario&#8221; y mesas de trabajos en donde se plantearon problemas que atraviesan las Sociedades Espa\u00f1olas y su modo de resolverlas. Durante la noche <a class=\"mh-excerpt-more\" href=\"http:\/\/dsrmedios.com.ar\/diario\/archivos\/5427\" title=\"La Sociedad Espa\u00f1ola local particip\u00f3 del Congreso de la Federaci\u00f3n Regional en Bah\u00eda Blanca\">[Leer m\u00e1s]<\/a><\/p>\n<\/div>","protected":false},"author":5,"featured_media":5428,"comment_status":"open","ping_status":"closed","sticky":false,"template":"","format":"standard","meta":{"_jetpack_newsletter_access":""},"categories":[31],"tags":[],"jetpack_featured_media_url":"http:\/\/dsrmedios.com.ar\/diario\/wp-content\/uploads\/2018\/04\/socesp.jpg","jetpack_sharing_enabled":true,"jetpack_shortlink":"https:\/\/wp.me\/p9fihK-1px","_links":{"self":[{"href":"http:\/\/dsrmedios.com.ar\/diario\/wp-json\/wp\/v2\/posts\/5427"}],"collection":[{"href":"http:\/\/dsrmedios.com.ar\/diario\/wp-json\/wp\/v2\/posts"}],"about":[{"href":"http:\/\/dsrmedios.com.ar\/diario\/wp-json\/wp\/v2\/types\/post"}],"author":[{"embeddable":true,"href":"http:\/\/dsrmedios.com.ar\/diario\/wp-json\/wp\/v2\/users\/5"}],"replies":[{"embeddable":true,"href":"http:\/\/dsrmedios.com.ar\/diario\/wp-json\/wp\/v2\/comments?post=5427"}],"version-history":[{"count":1,"href":"http:\/\/dsrmedios.com.ar\/diario\/wp-json\/wp\/v2\/posts\/5427\/revisions"}],"predecessor-version":[{"id":5429,"href":"http:\/\/dsrmedios.com.ar\/diario\/wp-json\/wp\/v2\/posts\/5427\/revisions\/5429"}],"wp:featuredmedia":[{"embeddable":true,"href":"http:\/\/dsrmedios.com.ar\/diario\/wp-json\/wp\/v2\/media\/5428"}],"wp:attachment":[{"href":"http:\/\/dsrmedios.com.ar\/diario\/wp-json\/wp\/v2\/media?parent=5427"}],"wp:term":[{"taxonomy":"category","embeddable":true,"href":"http:\/\/dsrmedios.com.ar\/diario\/wp-json\/wp\/v2\/categories?post=5427"},{"taxonomy":"post_tag","embeddable":true,"href":"http:\/\/dsrmedios.com.ar\/diario\/wp-json\/wp\/v2\/tags?post=5427"}],"curies":[{"name":"wp","href":"https:\/\/api.w.org\/{rel}","templated":true}]}}