{"id":5421,"date":"2018-04-17T08:44:56","date_gmt":"2018-04-17T11:44:56","guid":{"rendered":"http:\/\/dsrmedios.com.ar\/diario\/?p=5421"},"modified":"2018-04-17T08:44:56","modified_gmt":"2018-04-17T11:44:56","slug":"los-vecinos-y-comerciantes-se-reunieron-ayer-para-analizar-pasos-a-seguir-ante-los-tarifazos","status":"publish","type":"post","link":"http:\/\/dsrmedios.com.ar\/diario\/archivos\/5421","title":{"rendered":"Los vecinos y comerciantes se reunieron ayer para analizar pasos a seguir ante los tarifazos"},"content":{"rendered":"<p>En nuestra ciudad se reunieron comerciantes y vecinos en el local de la confiter\u00eda El Hado para debatir y organizar alg\u00fan modo de reclamo por los fuertes incrementos en las tarifas, en especial la energ\u00eda el\u00e9ctrica que amenaza seriamente la continuidad de peque\u00f1os y medianos comercios y por ende la fuente de trabajo de muchas familias de nuestro medio.<\/p>\n<p>Al igual que ha venido ocurriendo en diversos distritos de la provincia de Buenos Aires, los vecinos se auto convocan, lamentablemente no se sienten acompa\u00f1ados por la primera representatividad institucional que en este caso deber\u00edan ser los concejales. Lo coherente ser\u00eda que ante la preocupaci\u00f3n, los funcionarios electos para defender los intereses de la comunidad ante los gobernantes, convocaran a debatir y accionar para defender y proteger al vecino ante semejante preocupaci\u00f3n.<\/p>\n","protected":false},"excerpt":{"rendered":"<div class=\"mh-excerpt\"><p>En nuestra ciudad se reunieron comerciantes y vecinos en el local de la confiter\u00eda El Hado para debatir y organizar alg\u00fan modo de reclamo por los fuertes incrementos en las tarifas, en especial la energ\u00eda el\u00e9ctrica que amenaza seriamente la continuidad de peque\u00f1os y medianos comercios y por ende la fuente de trabajo de muchas familias de nuestro medio. Al igual que ha venido ocurriendo en diversos distritos de la provincia de Buenos Aires, los vecinos se auto convocan, lamentablemente no se sienten acompa\u00f1ados por la primera representatividad institucional que en este caso deber\u00edan ser los concejales. Lo coherente ser\u00eda <a class=\"mh-excerpt-more\" href=\"http:\/\/dsrmedios.com.ar\/diario\/archivos\/5421\" title=\"Los vecinos y comerciantes se reunieron ayer para analizar pasos a seguir ante los tarifazos\">[Leer m\u00e1s]<\/a><\/p>\n<\/div>","protected":false},"author":5,"featured_media":5244,"comment_status":"open","ping_status":"closed","sticky":false,"template":"","format":"standard","meta":{"_jetpack_newsletter_access":""},"categories":[18,31],"tags":[],"jetpack_featured_media_url":"http:\/\/dsrmedios.com.ar\/diario\/wp-content\/uploads\/2018\/04\/tarifz.jpg","jetpack_sharing_enabled":true,"jetpack_shortlink":"https:\/\/wp.me\/p9fihK-1pr","_links":{"self":[{"href":"http:\/\/dsrmedios.com.ar\/diario\/wp-json\/wp\/v2\/posts\/5421"}],"collection":[{"href":"http:\/\/dsrmedios.com.ar\/diario\/wp-json\/wp\/v2\/posts"}],"about":[{"href":"http:\/\/dsrmedios.com.ar\/diario\/wp-json\/wp\/v2\/types\/post"}],"author":[{"embeddable":true,"href":"http:\/\/dsrmedios.com.ar\/diario\/wp-json\/wp\/v2\/users\/5"}],"replies":[{"embeddable":true,"href":"http:\/\/dsrmedios.com.ar\/diario\/wp-json\/wp\/v2\/comments?post=5421"}],"version-history":[{"count":1,"href":"http:\/\/dsrmedios.com.ar\/diario\/wp-json\/wp\/v2\/posts\/5421\/revisions"}],"predecessor-version":[{"id":5422,"href":"http:\/\/dsrmedios.com.ar\/diario\/wp-json\/wp\/v2\/posts\/5421\/revisions\/5422"}],"wp:featuredmedia":[{"embeddable":true,"href":"http:\/\/dsrmedios.com.ar\/diario\/wp-json\/wp\/v2\/media\/5244"}],"wp:attachment":[{"href":"http:\/\/dsrmedios.com.ar\/diario\/wp-json\/wp\/v2\/media?parent=5421"}],"wp:term":[{"taxonomy":"category","embeddable":true,"href":"http:\/\/dsrmedios.com.ar\/diario\/wp-json\/wp\/v2\/categories?post=5421"},{"taxonomy":"post_tag","embeddable":true,"href":"http:\/\/dsrmedios.com.ar\/diario\/wp-json\/wp\/v2\/tags?post=5421"}],"curies":[{"name":"wp","href":"https:\/\/api.w.org\/{rel}","templated":true}]}}