{"id":5390,"date":"2018-04-16T08:30:02","date_gmt":"2018-04-16T11:30:02","guid":{"rendered":"http:\/\/dsrmedios.com.ar\/diario\/?p=5390"},"modified":"2018-04-16T08:30:02","modified_gmt":"2018-04-16T11:30:02","slug":"en-tornquist-y-otras-localidades-de-la-region-los-comerciantes-se-muestran-en-alerta-por-las-tarifas","status":"publish","type":"post","link":"http:\/\/dsrmedios.com.ar\/diario\/archivos\/5390","title":{"rendered":"En Tornquist y otras localidades de la regi\u00f3n los comerciantes se muestran en alerta por las tarifas"},"content":{"rendered":"<p><strong>Fuente:www.lanueva.com<\/strong><\/p>\n<p>Preocupados por los montos de las facturas de energ\u00eda el\u00e9ctrica que llegaron en las \u00faltimas semanas, comerciantes de Tornquist se autoconvocaron para hacer visible su malestar y advertir que este \u00faltimo tarifazo ha puesto a muchos de ellos en una situaci\u00f3n cr\u00edtica.<br \/>\n&#8220;Hay comercios que no van a aguantar. Hay gente que se est\u00e1 quedando sin trabajo y otros que creemos que van a tener que cerrar. Nos tenemos que unir para hacer escuchar el reclamo de la mano de la C\u00e1mara de Comercio y de los pol\u00edticos de turno, para que eleven nuestra petici\u00f3n a las autoridades que correspondan&#8221;, dijo durante el encuentro el empresario local Rodolfo Mold\u00fa.<br \/>\nMencion\u00f3 adem\u00e1s que, tras los nuevos tarifazos de energ\u00eda y gas, &#8220;los comercios est\u00e1n haciendo magia para mantener los empleados o para no bajar la persiana&#8221;.<br \/>\nRa\u00fal Rodr\u00edguez, propietario del restaurante anfitri\u00f3n, dijo que el nuevo esquema tarifario &#8220;est\u00e1 desfasado de los ingresos de comerciantes y vecinos del distrito&#8221;.<br \/>\n&#8220;Esto que vivimos es consecuencia de malas pol\u00edticas impuestas a lo largo de muchos a\u00f1os&#8221;, lament\u00f3.<\/p>\n","protected":false},"excerpt":{"rendered":"<div class=\"mh-excerpt\"><p>Fuente:www.lanueva.com Preocupados por los montos de las facturas de energ\u00eda el\u00e9ctrica que llegaron en las \u00faltimas semanas, comerciantes de Tornquist se autoconvocaron para hacer visible su malestar y advertir que este \u00faltimo tarifazo ha puesto a muchos de ellos en una situaci\u00f3n cr\u00edtica. &#8220;Hay comercios que no van a aguantar. Hay gente que se est\u00e1 quedando sin trabajo y otros que creemos que van a tener que cerrar. Nos tenemos que unir para hacer escuchar el reclamo de la mano de la C\u00e1mara de Comercio y de los pol\u00edticos de turno, para que eleven nuestra petici\u00f3n a las autoridades que <a class=\"mh-excerpt-more\" href=\"http:\/\/dsrmedios.com.ar\/diario\/archivos\/5390\" title=\"En Tornquist y otras localidades de la regi\u00f3n los comerciantes se muestran en alerta por las tarifas\">[Leer m\u00e1s]<\/a><\/p>\n<\/div>","protected":false},"author":5,"featured_media":5391,"comment_status":"open","ping_status":"closed","sticky":false,"template":"","format":"standard","meta":{"_jetpack_newsletter_access":""},"categories":[31,8],"tags":[],"jetpack_featured_media_url":"http:\/\/dsrmedios.com.ar\/diario\/wp-content\/uploads\/2018\/04\/tariufazaosd.jpeg","jetpack_sharing_enabled":true,"jetpack_shortlink":"https:\/\/wp.me\/p9fihK-1oW","_links":{"self":[{"href":"http:\/\/dsrmedios.com.ar\/diario\/wp-json\/wp\/v2\/posts\/5390"}],"collection":[{"href":"http:\/\/dsrmedios.com.ar\/diario\/wp-json\/wp\/v2\/posts"}],"about":[{"href":"http:\/\/dsrmedios.com.ar\/diario\/wp-json\/wp\/v2\/types\/post"}],"author":[{"embeddable":true,"href":"http:\/\/dsrmedios.com.ar\/diario\/wp-json\/wp\/v2\/users\/5"}],"replies":[{"embeddable":true,"href":"http:\/\/dsrmedios.com.ar\/diario\/wp-json\/wp\/v2\/comments?post=5390"}],"version-history":[{"count":1,"href":"http:\/\/dsrmedios.com.ar\/diario\/wp-json\/wp\/v2\/posts\/5390\/revisions"}],"predecessor-version":[{"id":5392,"href":"http:\/\/dsrmedios.com.ar\/diario\/wp-json\/wp\/v2\/posts\/5390\/revisions\/5392"}],"wp:featuredmedia":[{"embeddable":true,"href":"http:\/\/dsrmedios.com.ar\/diario\/wp-json\/wp\/v2\/media\/5391"}],"wp:attachment":[{"href":"http:\/\/dsrmedios.com.ar\/diario\/wp-json\/wp\/v2\/media?parent=5390"}],"wp:term":[{"taxonomy":"category","embeddable":true,"href":"http:\/\/dsrmedios.com.ar\/diario\/wp-json\/wp\/v2\/categories?post=5390"},{"taxonomy":"post_tag","embeddable":true,"href":"http:\/\/dsrmedios.com.ar\/diario\/wp-json\/wp\/v2\/tags?post=5390"}],"curies":[{"name":"wp","href":"https:\/\/api.w.org\/{rel}","templated":true}]}}