{"id":5364,"date":"2018-04-14T07:04:14","date_gmt":"2018-04-14T10:04:14","guid":{"rendered":"http:\/\/dsrmedios.com.ar\/diario\/?p=5364"},"modified":"2018-04-13T16:51:41","modified_gmt":"2018-04-13T19:51:41","slug":"por-primera-vez-en-16-anos-censaran-las-explotaciones-agropecuarias-de-todo-el-pais","status":"publish","type":"post","link":"http:\/\/dsrmedios.com.ar\/diario\/archivos\/5364","title":{"rendered":"Por primera vez en 16 a\u00f1os censar\u00e1n las explotaciones agropecuarias de todo el pa\u00eds"},"content":{"rendered":"<section>\n<div class=\"content-body\">\n<div class=\"multimedia-nota\">\n<div class=\"desarrollo width100\">\n<p><strong>Fuente:www.noticiasargentinas.com<\/strong><\/p>\n<p>Unas 300.000 explotaciones agropecuarias ser\u00e1n censadas entre septiembre y noviembre por m\u00e1s de 3.500 profesionales del Instituto Nacional de Estad\u00edsticas y Censos (Indec), tras diecis\u00e9is a\u00f1os sin que se realice este relevamiento.<\/p>\n<div id=\"hybs-slot-74a38f46-1\">\u00a0As\u00ed lo manifest\u00f3 el director del Instituto Nacional de Estad\u00edstica y Censos (INDEC), Jorge Todesca, al presentar en la C\u00e1mara de Diputados los avances en la planificaci\u00f3n del Censo Nacional Agropecuario 2018 (CNA 2018).<\/div>\n<p>El relevamiento se llevar\u00e1 a cabo en todo el territorio nacional entre los meses de septiembre y noviembre, confirm\u00f3 Todesca frente a m\u00e1s de 30 legisladores que integran las comisiones de Agricultura y Ganader\u00eda y de Econom\u00edas Regionales.<\/p>\n<div class=\"teads-inread\"><\/div>\n<p>El censo se extender\u00e1 por 90 d\u00edas y participar\u00e1n alrededor de 3.500 profesionales que se ocupar\u00e1n de relevar las explotaciones agropecuarias existentes en 190 millones de hect\u00e1reas.<\/p>\n<p>&#8220;Durante varios a\u00f1os, el instituto estuvo estancado desde el punto de vista metodol\u00f3gico. Esto ha coincidido con una d\u00e9cada en que la tecnolog\u00eda impregn\u00f3 la estad\u00edstica. Por todo esto, el CNA 2018 es un desaf\u00edo muy importante que tenemos por delante y que estamos tratando de satisfacer&#8221;, a\u00f1adi\u00f3 Todesca.<\/p>\n<p>Los \u00faltimos datos obtenidos del sector corresponden al relevamiento que se realiz\u00f3 en 2002. El censo har\u00e1 un barrido territorial en m\u00e1s de 300.000 explotaciones Entre sus principales innovaciones se encuentra la incorporaci\u00f3n de la tableta digital, que reemplazar\u00e1 los antiguos formularios en papel y reducir\u00e1 los tiempos en el procesamiento de datos. El coordinador del CNA 2018, Roberto Bisang, explic\u00f3 el objetivo general del operativo: &#8220;Hay una posibilidad cierta y altamente potencial de desarrollo en la Argentina. Con esa filosof\u00eda encaramos el censo sobre un agro que ha cambiado notoriamente y con un INDEC distinto, que est\u00e1 en proceso de cambio&#8221;.<\/p>\n<p>Respecto de la informaci\u00f3n que brinden los productores, la directora Nacional de Estad\u00edsticas y Precios de la Producci\u00f3n y el Comercio, Carolina Plat, aclar\u00f3 que tendr\u00e1 &#8220;solamente fines estad\u00edsticos, m\u00e1s all\u00e1 de la obligatoriedad de contestarlo&#8221;. Y subray\u00f3: &#8220;Hay que transmitir tranquilidad a los productores. El censo es de todos; entonces, la informaci\u00f3n relevada nos va a servir a todos&#8221;.<\/p>\n<p>En junio se realizar\u00e1 un censo experimental para realizar los ajustes finales de cara al operativo de campo, que comenzar\u00e1 a mediados de septiembre y se extender\u00e1 durante 75 d\u00edas. Hacia marzo del a\u00f1o pr\u00f3ximo estar\u00e1n los datos preliminares y, en el segundo, semestre de 2019 se publicar\u00e1n los resultados definitivos del censo.<\/p>\n<\/div>\n<\/div>\n<\/div>\n<\/section>\n","protected":false},"excerpt":{"rendered":"<div class=\"mh-excerpt\"><p>Fuente:www.noticiasargentinas.com Unas 300.000 explotaciones agropecuarias ser\u00e1n censadas entre septiembre y noviembre por m\u00e1s de 3.500 profesionales del Instituto Nacional de Estad\u00edsticas y Censos (Indec), tras diecis\u00e9is a\u00f1os sin que se realice este relevamiento. \u00a0As\u00ed lo manifest\u00f3 el director del Instituto Nacional de Estad\u00edstica y Censos (INDEC), Jorge Todesca, al presentar en la C\u00e1mara de Diputados los avances en la planificaci\u00f3n del Censo Nacional Agropecuario 2018 (CNA 2018). El relevamiento se llevar\u00e1 a cabo en todo el territorio nacional entre los meses de septiembre y noviembre, confirm\u00f3 Todesca frente a m\u00e1s de 30 legisladores que integran las comisiones de Agricultura y <a class=\"mh-excerpt-more\" href=\"http:\/\/dsrmedios.com.ar\/diario\/archivos\/5364\" title=\"Por primera vez en 16 a\u00f1os censar\u00e1n las explotaciones agropecuarias de todo el pa\u00eds\">[Leer m\u00e1s]<\/a><\/p>\n<\/div>","protected":false},"author":5,"featured_media":5365,"comment_status":"open","ping_status":"closed","sticky":false,"template":"","format":"standard","meta":{"_jetpack_newsletter_access":""},"categories":[6],"tags":[],"jetpack_featured_media_url":"http:\/\/dsrmedios.com.ar\/diario\/wp-content\/uploads\/2018\/04\/ruralidad.jpg","jetpack_sharing_enabled":true,"jetpack_shortlink":"https:\/\/wp.me\/p9fihK-1ow","_links":{"self":[{"href":"http:\/\/dsrmedios.com.ar\/diario\/wp-json\/wp\/v2\/posts\/5364"}],"collection":[{"href":"http:\/\/dsrmedios.com.ar\/diario\/wp-json\/wp\/v2\/posts"}],"about":[{"href":"http:\/\/dsrmedios.com.ar\/diario\/wp-json\/wp\/v2\/types\/post"}],"author":[{"embeddable":true,"href":"http:\/\/dsrmedios.com.ar\/diario\/wp-json\/wp\/v2\/users\/5"}],"replies":[{"embeddable":true,"href":"http:\/\/dsrmedios.com.ar\/diario\/wp-json\/wp\/v2\/comments?post=5364"}],"version-history":[{"count":1,"href":"http:\/\/dsrmedios.com.ar\/diario\/wp-json\/wp\/v2\/posts\/5364\/revisions"}],"predecessor-version":[{"id":5366,"href":"http:\/\/dsrmedios.com.ar\/diario\/wp-json\/wp\/v2\/posts\/5364\/revisions\/5366"}],"wp:featuredmedia":[{"embeddable":true,"href":"http:\/\/dsrmedios.com.ar\/diario\/wp-json\/wp\/v2\/media\/5365"}],"wp:attachment":[{"href":"http:\/\/dsrmedios.com.ar\/diario\/wp-json\/wp\/v2\/media?parent=5364"}],"wp:term":[{"taxonomy":"category","embeddable":true,"href":"http:\/\/dsrmedios.com.ar\/diario\/wp-json\/wp\/v2\/categories?post=5364"},{"taxonomy":"post_tag","embeddable":true,"href":"http:\/\/dsrmedios.com.ar\/diario\/wp-json\/wp\/v2\/tags?post=5364"}],"curies":[{"name":"wp","href":"https:\/\/api.w.org\/{rel}","templated":true}]}}