{"id":5346,"date":"2018-04-13T11:07:35","date_gmt":"2018-04-13T14:07:35","guid":{"rendered":"http:\/\/dsrmedios.com.ar\/diario\/?p=5346"},"modified":"2018-04-13T11:07:35","modified_gmt":"2018-04-13T14:07:35","slug":"detectan-en-salliquelo-un-caso-sospechoso-de-sarampion","status":"publish","type":"post","link":"http:\/\/dsrmedios.com.ar\/diario\/archivos\/5346","title":{"rendered":"Detectan en Salliquel\u00f3 un caso sospechoso de Sarampi\u00f3n"},"content":{"rendered":"<p><strong>Fuente:www.veradia.com<\/strong><\/p>\n<p>El Dr. Gast\u00f3n Coppini, Director de Salud, inform\u00f3 a Veradia.com que una pediatra de Salliquel\u00f3 detect\u00f3 un caso sospechoso de Sarampi\u00f3n a ra\u00edz de un cuadro febril y una enfermedad eruptiva.<\/p>\n<p>\u201cCaso sospechoso no significa que sea confirmado como positivo, por eso no hay que alarmar a la comunidad pero es importante ante la sospecha activar el Protocolo de Actuaci\u00f3n.<\/p>\n<p>La vacuna para prevenir el Sarampi\u00f3n es la Triple Viral y se aplica a los doce meses y la segunda dosis a los cinco a\u00f1os, el Protocolo de Actuaci\u00f3n consiste en revisar las libretas sanitarias de ni\u00f1os de esas edades, le pedimos a los padres que no se preocupen pero s\u00ed que se ocupen de controlarlas y que ante cualquier duda se acerquen al vacunatorio que funciona en el consultorio N\u00b0 4 del Hospital Municipal\u201d.<\/p>\n<p>El caso sospechoso es en un paciente de 11 meses por lo cual no estaba vacunado<br \/>\nEl Dr. Coppini explic\u00f3 que la primer vacuna no se aplica hasta el a\u00f1o de edad, que el paciente se encuentra en su domicilio fuera de peligro porque no fue necesario internarlo, y que simplemente se activa el Protocolo de Actuaci\u00f3n normatizado por Regi\u00f3n Sanitaria y el Ministerio de Salud para evitar el contagio si se tratase de un caso positivo.<\/p>\n<p>\u201cEn Salliquel\u00f3 tenemos un alto \u00edndice de vacunaci\u00f3n por eso queremos llevarle tranquilidad a la comunidad, solamente le pedimos a los padres que chequeen en las libretas sanitarias si figuran aplicadas las vacunas a los doce meses y los cinco a\u00f1os\u201d.<\/p>\n","protected":false},"excerpt":{"rendered":"<div class=\"mh-excerpt\"><p>Fuente:www.veradia.com El Dr. Gast\u00f3n Coppini, Director de Salud, inform\u00f3 a Veradia.com que una pediatra de Salliquel\u00f3 detect\u00f3 un caso sospechoso de Sarampi\u00f3n a ra\u00edz de un cuadro febril y una enfermedad eruptiva. \u201cCaso sospechoso no significa que sea confirmado como positivo, por eso no hay que alarmar a la comunidad pero es importante ante la sospecha activar el Protocolo de Actuaci\u00f3n. La vacuna para prevenir el Sarampi\u00f3n es la Triple Viral y se aplica a los doce meses y la segunda dosis a los cinco a\u00f1os, el Protocolo de Actuaci\u00f3n consiste en revisar las libretas sanitarias de ni\u00f1os de esas <a class=\"mh-excerpt-more\" href=\"http:\/\/dsrmedios.com.ar\/diario\/archivos\/5346\" title=\"Detectan en Salliquel\u00f3 un caso sospechoso de Sarampi\u00f3n\">[Leer m\u00e1s]<\/a><\/p>\n<\/div>","protected":false},"author":5,"featured_media":5348,"comment_status":"open","ping_status":"closed","sticky":false,"template":"","format":"standard","meta":{"_jetpack_newsletter_access":""},"categories":[31,8],"tags":[],"jetpack_featured_media_url":"http:\/\/dsrmedios.com.ar\/diario\/wp-content\/uploads\/2018\/04\/sarampion-kQbF-620x349@abc.jpg","jetpack_sharing_enabled":true,"jetpack_shortlink":"https:\/\/wp.me\/p9fihK-1oe","_links":{"self":[{"href":"http:\/\/dsrmedios.com.ar\/diario\/wp-json\/wp\/v2\/posts\/5346"}],"collection":[{"href":"http:\/\/dsrmedios.com.ar\/diario\/wp-json\/wp\/v2\/posts"}],"about":[{"href":"http:\/\/dsrmedios.com.ar\/diario\/wp-json\/wp\/v2\/types\/post"}],"author":[{"embeddable":true,"href":"http:\/\/dsrmedios.com.ar\/diario\/wp-json\/wp\/v2\/users\/5"}],"replies":[{"embeddable":true,"href":"http:\/\/dsrmedios.com.ar\/diario\/wp-json\/wp\/v2\/comments?post=5346"}],"version-history":[{"count":1,"href":"http:\/\/dsrmedios.com.ar\/diario\/wp-json\/wp\/v2\/posts\/5346\/revisions"}],"predecessor-version":[{"id":5349,"href":"http:\/\/dsrmedios.com.ar\/diario\/wp-json\/wp\/v2\/posts\/5346\/revisions\/5349"}],"wp:featuredmedia":[{"embeddable":true,"href":"http:\/\/dsrmedios.com.ar\/diario\/wp-json\/wp\/v2\/media\/5348"}],"wp:attachment":[{"href":"http:\/\/dsrmedios.com.ar\/diario\/wp-json\/wp\/v2\/media?parent=5346"}],"wp:term":[{"taxonomy":"category","embeddable":true,"href":"http:\/\/dsrmedios.com.ar\/diario\/wp-json\/wp\/v2\/categories?post=5346"},{"taxonomy":"post_tag","embeddable":true,"href":"http:\/\/dsrmedios.com.ar\/diario\/wp-json\/wp\/v2\/tags?post=5346"}],"curies":[{"name":"wp","href":"https:\/\/api.w.org\/{rel}","templated":true}]}}