{"id":5324,"date":"2018-04-13T09:00:38","date_gmt":"2018-04-13T12:00:38","guid":{"rendered":"http:\/\/dsrmedios.com.ar\/diario\/?p=5324"},"modified":"2018-04-13T09:00:38","modified_gmt":"2018-04-13T12:00:38","slug":"23-de-inflacion-tuvo-el-mes-de-marzo-segun-el-informe-mensual-del-indec","status":"publish","type":"post","link":"http:\/\/dsrmedios.com.ar\/diario\/archivos\/5324","title":{"rendered":"2,3% de Inflaci\u00f3n tuvo el mes de marzo seg\u00fan el informe mensual del INDEC"},"content":{"rendered":"<p>Fuente:www.noticiasargentinas.com<\/p>\n<p>Los precios minoristas subieron 2,3% en marzo y el alza acumulada llega al 6,7% en el primer trimestre del a\u00f1o, inform\u00f3 esta tarde el INDEC.<br \/>\nLa medici\u00f3n del Indice de precios al Consumidor (IPC) que difundi\u00f3 el organismo registra un alza del 25,4% para los \u00faltimos doce meses, de acuerdo con las cifras oficiales.<br \/>\nEn la Regi\u00f3n Noroeste y en la Patagonia se registraron los aumentos m\u00e1s altos con un 3,1%, mientras que el registro m\u00e1s bajo correspondi\u00f3 a la Pampeana con un 1,9%.<br \/>\nEl indicador oficial de inflaci\u00f3n se ubic\u00f3 por debajo de las estimaciones de las consultoras privadas, que hab\u00edan estimado una inflaci\u00f3n de entre un 2,5% y un 3%.<\/p>\n","protected":false},"excerpt":{"rendered":"<div class=\"mh-excerpt\"><p>Fuente:www.noticiasargentinas.com Los precios minoristas subieron 2,3% en marzo y el alza acumulada llega al 6,7% en el primer trimestre del a\u00f1o, inform\u00f3 esta tarde el INDEC. La medici\u00f3n del Indice de precios al Consumidor (IPC) que difundi\u00f3 el organismo registra un alza del 25,4% para los \u00faltimos doce meses, de acuerdo con las cifras oficiales. En la Regi\u00f3n Noroeste y en la Patagonia se registraron los aumentos m\u00e1s altos con un 3,1%, mientras que el registro m\u00e1s bajo correspondi\u00f3 a la Pampeana con un 1,9%. El indicador oficial de inflaci\u00f3n se ubic\u00f3 por debajo de las estimaciones de las consultoras <a class=\"mh-excerpt-more\" href=\"http:\/\/dsrmedios.com.ar\/diario\/archivos\/5324\" title=\"2,3% de Inflaci\u00f3n tuvo el mes de marzo seg\u00fan el informe mensual del INDEC\">[Leer m\u00e1s]<\/a><\/p>\n<\/div>","protected":false},"author":5,"featured_media":5325,"comment_status":"open","ping_status":"closed","sticky":false,"template":"","format":"standard","meta":{"_jetpack_newsletter_access":""},"categories":[6],"tags":[],"jetpack_featured_media_url":"http:\/\/dsrmedios.com.ar\/diario\/wp-content\/uploads\/2018\/04\/indec.jpg","jetpack_sharing_enabled":true,"jetpack_shortlink":"https:\/\/wp.me\/p9fihK-1nS","_links":{"self":[{"href":"http:\/\/dsrmedios.com.ar\/diario\/wp-json\/wp\/v2\/posts\/5324"}],"collection":[{"href":"http:\/\/dsrmedios.com.ar\/diario\/wp-json\/wp\/v2\/posts"}],"about":[{"href":"http:\/\/dsrmedios.com.ar\/diario\/wp-json\/wp\/v2\/types\/post"}],"author":[{"embeddable":true,"href":"http:\/\/dsrmedios.com.ar\/diario\/wp-json\/wp\/v2\/users\/5"}],"replies":[{"embeddable":true,"href":"http:\/\/dsrmedios.com.ar\/diario\/wp-json\/wp\/v2\/comments?post=5324"}],"version-history":[{"count":1,"href":"http:\/\/dsrmedios.com.ar\/diario\/wp-json\/wp\/v2\/posts\/5324\/revisions"}],"predecessor-version":[{"id":5326,"href":"http:\/\/dsrmedios.com.ar\/diario\/wp-json\/wp\/v2\/posts\/5324\/revisions\/5326"}],"wp:featuredmedia":[{"embeddable":true,"href":"http:\/\/dsrmedios.com.ar\/diario\/wp-json\/wp\/v2\/media\/5325"}],"wp:attachment":[{"href":"http:\/\/dsrmedios.com.ar\/diario\/wp-json\/wp\/v2\/media?parent=5324"}],"wp:term":[{"taxonomy":"category","embeddable":true,"href":"http:\/\/dsrmedios.com.ar\/diario\/wp-json\/wp\/v2\/categories?post=5324"},{"taxonomy":"post_tag","embeddable":true,"href":"http:\/\/dsrmedios.com.ar\/diario\/wp-json\/wp\/v2\/tags?post=5324"}],"curies":[{"name":"wp","href":"https:\/\/api.w.org\/{rel}","templated":true}]}}