{"id":5295,"date":"2018-04-12T10:35:40","date_gmt":"2018-04-12T13:35:40","guid":{"rendered":"http:\/\/dsrmedios.com.ar\/diario\/?p=5295"},"modified":"2018-04-12T10:40:54","modified_gmt":"2018-04-12T13:40:54","slug":"una-vecina-denuncio-el-robo-un-automovil-ayer-por-la-tarde-en-nuestra-ciudad","status":"publish","type":"post","link":"http:\/\/dsrmedios.com.ar\/diario\/archivos\/5295","title":{"rendered":"Una vecina denunci\u00f3 el robo un autom\u00f3vil ayer por la tarde en nuestra ciudad"},"content":{"rendered":"<p>En la tarde de ayer la vecina Raquel Maier denunci\u00f3 a trav\u00e9s de las redes sociales el robo de su autom\u00f3vil un Fiat Uno color rojo. La noticia fue compartida inmediatamente y horas m\u00e1s tarde el personal de la Polic\u00eda local logr\u00f3 identificar al sospechoso.<\/p>\n<p>Los oficiales locales identificaron a un individuo sospechoso que habr\u00eda estado internado en el centro de recuperaci\u00f3n La Facenda y comenzaron a rastrearlo y se realiz\u00f3 un operativo cerrojo con la Brigada de Investigaciones de la Departamental Bah\u00eda Blanca, logrando horas m\u00e1s tarde detener al autor del delito con el veh\u00edculo en su poder en su domicilio de dicha ciudad.<\/p>\n<p>&nbsp;<\/p>\n<p>&nbsp;<\/p>\n","protected":false},"excerpt":{"rendered":"<div class=\"mh-excerpt\"><p>En la tarde de ayer la vecina Raquel Maier denunci\u00f3 a trav\u00e9s de las redes sociales el robo de su autom\u00f3vil un Fiat Uno color rojo. La noticia fue compartida inmediatamente y horas m\u00e1s tarde el personal de la Polic\u00eda local logr\u00f3 identificar al sospechoso. Los oficiales locales identificaron a un individuo sospechoso que habr\u00eda estado internado en el centro de recuperaci\u00f3n La Facenda y comenzaron a rastrearlo y se realiz\u00f3 un operativo cerrojo con la Brigada de Investigaciones de la Departamental Bah\u00eda Blanca, logrando horas m\u00e1s tarde detener al autor del delito con el veh\u00edculo en su poder en <a class=\"mh-excerpt-more\" href=\"http:\/\/dsrmedios.com.ar\/diario\/archivos\/5295\" title=\"Una vecina denunci\u00f3 el robo un autom\u00f3vil ayer por la tarde en nuestra ciudad\">[Leer m\u00e1s]<\/a><\/p>\n<\/div>","protected":false},"author":5,"featured_media":5296,"comment_status":"open","ping_status":"closed","sticky":false,"template":"","format":"standard","meta":{"_jetpack_newsletter_access":""},"categories":[18,31],"tags":[],"jetpack_featured_media_url":"http:\/\/dsrmedios.com.ar\/diario\/wp-content\/uploads\/2018\/04\/fiatuno.jpg","jetpack_sharing_enabled":true,"jetpack_shortlink":"https:\/\/wp.me\/p9fihK-1np","_links":{"self":[{"href":"http:\/\/dsrmedios.com.ar\/diario\/wp-json\/wp\/v2\/posts\/5295"}],"collection":[{"href":"http:\/\/dsrmedios.com.ar\/diario\/wp-json\/wp\/v2\/posts"}],"about":[{"href":"http:\/\/dsrmedios.com.ar\/diario\/wp-json\/wp\/v2\/types\/post"}],"author":[{"embeddable":true,"href":"http:\/\/dsrmedios.com.ar\/diario\/wp-json\/wp\/v2\/users\/5"}],"replies":[{"embeddable":true,"href":"http:\/\/dsrmedios.com.ar\/diario\/wp-json\/wp\/v2\/comments?post=5295"}],"version-history":[{"count":3,"href":"http:\/\/dsrmedios.com.ar\/diario\/wp-json\/wp\/v2\/posts\/5295\/revisions"}],"predecessor-version":[{"id":5299,"href":"http:\/\/dsrmedios.com.ar\/diario\/wp-json\/wp\/v2\/posts\/5295\/revisions\/5299"}],"wp:featuredmedia":[{"embeddable":true,"href":"http:\/\/dsrmedios.com.ar\/diario\/wp-json\/wp\/v2\/media\/5296"}],"wp:attachment":[{"href":"http:\/\/dsrmedios.com.ar\/diario\/wp-json\/wp\/v2\/media?parent=5295"}],"wp:term":[{"taxonomy":"category","embeddable":true,"href":"http:\/\/dsrmedios.com.ar\/diario\/wp-json\/wp\/v2\/categories?post=5295"},{"taxonomy":"post_tag","embeddable":true,"href":"http:\/\/dsrmedios.com.ar\/diario\/wp-json\/wp\/v2\/tags?post=5295"}],"curies":[{"name":"wp","href":"https:\/\/api.w.org\/{rel}","templated":true}]}}